{"id":950,"date":"2015-04-07T10:11:14","date_gmt":"2015-04-07T08:11:14","guid":{"rendered":"http:\/\/www.accademiacalciobastia.it\/?p=950"},"modified":"2015-04-07T10:11:14","modified_gmt":"2015-04-07T08:11:14","slug":"a-bastia-umbra-si-fa-accademia","status":"publish","type":"post","link":"https:\/\/www.bastiacalcio1924.it\/public\/2015\/04\/07\/a-bastia-umbra-si-fa-accademia\/","title":{"rendered":"A Bastia Umbra si fa\u2026 ACCADEMIA"},"content":{"rendered":"<p style=\"text-align: center;\"><a href=\"http:\/\/www.accademiacalciobastia.it\/wp-content\/uploads\/2015\/04\/settoregiovanile-300x225.jpg\"><img loading=\"lazy\" decoding=\"async\" class=\"alignnone size-full wp-image-952\" src=\"http:\/\/www.accademiacalciobastia.it\/wp-content\/uploads\/2015\/04\/settoregiovanile-300x225.jpg\" alt=\"settoregiovanile-300x225\" width=\"300\" height=\"225\" \/><\/a><\/p>\n<p><strong>E\u2019 una delle realt\u00e0 modello nel panorama umbro grazie all\u2019impegno, la dedizione e la seriet\u00e0 messa in campo dagli addetti ai lavori\u00a0<\/strong><\/p>\n<p><strong>Per i 250 ragazzi con la passione per il calcio ci sono 28 tecnici addetti alla formazione dei giovani e 2 custodi<\/strong><\/p>\n<p>BASTIA UMBRA \u2013 Pi\u00f9 di 100 ragazzi di et\u00e0 compresa tra i 5 e gli 11 anni; 9 istruttori e un responsabile tecnico che si occupano ognuno di 10 ragazzi perch\u00e8 la crescita sia armonica e adeguata all\u2019et\u00e0, nel rispetto di alcune regole educative e comportamentali che sono alla base della crescita sportiva e umana; un instancabile custode sempre presente e disponibile. Questi i numeri dell\u2019Accademia calcio Bastia, che inoltre si occupa della gestione di tutti i ragazzi (dagli Esordienti alla Juniores nazionale) iscritti con la societ\u00e0 Acd Bastia 1924. Un totale quindi di circa 250 ragazzi con la passione per il calcio, 28 tecnici addetti alla formazione dei giovani e 2 custodi. Delicato e gratificante il compito dell\u2019Accademia Calcio dunque che pochi giorni fa, il 31marzo perla precisione, ha rinnovato il consiglio direttivo con Gianfranco Abbati confermato presidente, coadiuvato dai nuovi vice Luciano Bonucci e SandroMammoli. Insieme a loro i consiglieri Leonardo Antonini, Paolo Baglioni, Leonardo Ceccarelli e Massimo Cirillo. La societ\u00e0, nata nel 2010 con lo scopo di far maturare i giovanissimi della scuola calcio tramite i sani valori dello sport, \u00e8 una delle realt\u00e0modello nel panorama umbro grazie all\u2019impegno, la dedizione e la seriet\u00e0 messa in campo dagli addetti ai lavori. E non si ferma di certo al confine bastiolo il lavoro dell\u2019Accademia bastiola, ma anzi, tramite competizioni come il trofeo Francesco Rossi, giunto alla XV edizione grazie anche al sostegno della storica famiglia bastiola Rossi, aggrega 48 squadre provenienti da tutta l\u2019Umbria, concentrando l\u2019attivit\u00e0 in un periodo nel quale i campionato sono fermi e la categoria dei Pulcini sarebbe dunque costretta al riposo. Trofeo Rossi che tra l\u2019altro si distingue per un notevole codice etico, che testimonia i sani valori che l\u2019Accademia calcio Bastia ha in mente per i giovanissimi calciatori. A seguire il torneo Bastia Cup, riservato allecategorie degli \u201cEsordienti\u201d, dei \u201cGiovanissimi\u201d e degli \u201cAllievi\u201d, uno dei pi\u00f9 prestigiosi nel territorio umbro, al quale viene abbinatada anni una lotteria a premi che prevedeladonazione ad associazioni di volontariato che si occupano di ragazzi diversamente abili. Last, but not least,le attivit\u00e0 legate alle scuole primarie, grazie all\u2019aiuto del maestro Giacomo Cavarai, che permettono agli studenti delle elementari di rappresentare sul campo il proprio plesso. Sport, aggregazione, educazione, valori e soprattutto tanti sorrisi da parte dei giovani sognatori bastioli: tutto questo grazie al lavoro di chi non solo ha deciso di dedicare la propria vita al calcio, ma in particolare ai calciatori di domani, in primis cittadini, che avranno il compito di farci dimenticare le brutte scene ai quali siamo purtroppo sempre pi\u00f9 abituati, con l\u2019unico strumento della passione e dell\u2019amore per il pallone. Questo \u00e8il calcio che ci piace e che vogliamo raccontare. Questa \u00e8 l\u2019Accademia calcio Bastia, che ci tiene a sottolineare: \u201c<strong>Una cosa a cui teniamo molto. Noi rappresentiamo una citt\u00e0, la nostra citt\u00e0, Bastia Umbra<\/strong>; per cui da quest\u2019anno, con l\u2019aiuto di tanti sponsor che hanno contribuito a realizzare questo proposito, abbiamo dotato tutte le squadre di una divisa uguale, che rappresenti un\u2019identit\u00e0, una divisa a strisce biancorosse!<\/p>\n<p>di Alberto Marino<\/p>\n<p>fonte: bastia.it (Articolo Corriere dell&#8217;Umbria del 7 Aprile 2015)<\/p>\n","protected":false},"excerpt":{"rendered":"<p>E\u2019 una delle realt\u00e0 modello nel panorama umbro grazie all\u2019impegno, la dedizione e la seriet\u00e0 messa in campo dagli addetti ai lavori\u00a0 Per i 250 ragazzi con la passione per il calcio ci sono 28 tecnici addetti alla formazione dei giovani e 2 custodi BASTIA UMBRA \u2013 Pi\u00f9 di 100 ragazzi di et\u00e0 compresa tra [&hellip;]<\/p>\n","protected":false},"author":6,"featured_media":951,"comment_status":"open","ping_status":"open","sticky":false,"template":"","format":"standard","meta":{"_bbp_topic_count":0,"_bbp_reply_count":0,"_bbp_total_topic_count":0,"_bbp_total_reply_count":0,"_bbp_voice_count":0,"_bbp_anonymous_reply_count":0,"_bbp_topic_count_hidden":0,"_bbp_reply_count_hidden":0,"_bbp_forum_subforum_count":0,"_et_pb_use_builder":"","_et_pb_old_content":"","_et_gb_content_width":"","footnotes":""},"categories":[47],"tags":[],"class_list":["post-950","post","type-post","status-publish","format-standard","has-post-thumbnail","hentry","category-news"],"yoast_head":"<!-- This site is optimized with the Yoast SEO plugin v27.4 - https:\/\/yoast.com\/product\/yoast-seo-wordpress\/ -->\r\n<title>A Bastia Umbra si fa\u2026 ACCADEMIA - BASTIA CALCIO 1924<\/title>\r\n<meta name=\"robots\" content=\"index, follow, max-snippet:-1, max-image-preview:large, max-video-preview:-1\" \/>\r\n<link rel=\"canonical\" href=\"https:\/\/www.bastiacalcio1924.it\/public\/2015\/04\/07\/a-bastia-umbra-si-fa-accademia\/\" \/>\r\n<meta property=\"og:locale\" content=\"it_IT\" \/>\r\n<meta property=\"og:type\" content=\"article\" \/>\r\n<meta property=\"og:title\" content=\"A Bastia Umbra si fa\u2026 ACCADEMIA - BASTIA CALCIO 1924\" \/>\r\n<meta property=\"og:description\" content=\"E\u2019 una delle realt\u00e0 modello nel panorama umbro grazie all\u2019impegno, la dedizione e la seriet\u00e0 messa in campo dagli addetti ai lavori\u00a0 Per i 250 ragazzi con la passione per il calcio ci sono 28 tecnici addetti alla formazione dei giovani e 2 custodi BASTIA UMBRA \u2013 Pi\u00f9 di 100 ragazzi di et\u00e0 compresa tra [&hellip;]\" \/>\r\n<meta property=\"og:url\" content=\"https:\/\/www.bastiacalcio1924.it\/public\/2015\/04\/07\/a-bastia-umbra-si-fa-accademia\/\" \/>\r\n<meta property=\"og:site_name\" content=\"BASTIA CALCIO 1924\" \/>\r\n<meta property=\"article:published_time\" content=\"2015-04-07T08:11:14+00:00\" \/>\r\n<meta name=\"author\" content=\"SB\" \/>\r\n<meta name=\"twitter:label1\" content=\"Scritto da\" \/>\n\t<meta name=\"twitter:data1\" content=\"SB\" \/>\n\t<meta name=\"twitter:label2\" content=\"Tempo di lettura stimato\" \/>\n\t<meta name=\"twitter:data2\" content=\"3 minuti\" \/>\r\n<script type=\"application\/ld+json\" class=\"yoast-schema-graph\">{\"@context\":\"https:\\\/\\\/schema.org\",\"@graph\":[{\"@type\":\"Article\",\"@id\":\"https:\\\/\\\/www.bastiacalcio1924.it\\\/public\\\/2015\\\/04\\\/07\\\/a-bastia-umbra-si-fa-accademia\\\/#article\",\"isPartOf\":{\"@id\":\"https:\\\/\\\/www.bastiacalcio1924.it\\\/public\\\/2015\\\/04\\\/07\\\/a-bastia-umbra-si-fa-accademia\\\/\"},\"author\":{\"name\":\"SB\",\"@id\":\"https:\\\/\\\/www.bastiacalcio1924.it\\\/public\\\/#\\\/schema\\\/person\\\/a4907b2b5c36f61ff09b0d496eed4c2f\"},\"headline\":\"A Bastia Umbra si fa\u2026 ACCADEMIA\",\"datePublished\":\"2015-04-07T08:11:14+00:00\",\"mainEntityOfPage\":{\"@id\":\"https:\\\/\\\/www.bastiacalcio1924.it\\\/public\\\/2015\\\/04\\\/07\\\/a-bastia-umbra-si-fa-accademia\\\/\"},\"wordCount\":568,\"commentCount\":0,\"publisher\":{\"@id\":\"https:\\\/\\\/www.bastiacalcio1924.it\\\/public\\\/#organization\"},\"image\":{\"@id\":\"https:\\\/\\\/www.bastiacalcio1924.it\\\/public\\\/2015\\\/04\\\/07\\\/a-bastia-umbra-si-fa-accademia\\\/#primaryimage\"},\"thumbnailUrl\":\"\",\"articleSection\":[\"news\"],\"inLanguage\":\"it-IT\",\"potentialAction\":[{\"@type\":\"CommentAction\",\"name\":\"Comment\",\"target\":[\"https:\\\/\\\/www.bastiacalcio1924.it\\\/public\\\/2015\\\/04\\\/07\\\/a-bastia-umbra-si-fa-accademia\\\/#respond\"]}]},{\"@type\":\"WebPage\",\"@id\":\"https:\\\/\\\/www.bastiacalcio1924.it\\\/public\\\/2015\\\/04\\\/07\\\/a-bastia-umbra-si-fa-accademia\\\/\",\"url\":\"https:\\\/\\\/www.bastiacalcio1924.it\\\/public\\\/2015\\\/04\\\/07\\\/a-bastia-umbra-si-fa-accademia\\\/\",\"name\":\"A Bastia Umbra si fa\u2026 ACCADEMIA - BASTIA CALCIO 1924\",\"isPartOf\":{\"@id\":\"https:\\\/\\\/www.bastiacalcio1924.it\\\/public\\\/#website\"},\"primaryImageOfPage\":{\"@id\":\"https:\\\/\\\/www.bastiacalcio1924.it\\\/public\\\/2015\\\/04\\\/07\\\/a-bastia-umbra-si-fa-accademia\\\/#primaryimage\"},\"image\":{\"@id\":\"https:\\\/\\\/www.bastiacalcio1924.it\\\/public\\\/2015\\\/04\\\/07\\\/a-bastia-umbra-si-fa-accademia\\\/#primaryimage\"},\"thumbnailUrl\":\"\",\"datePublished\":\"2015-04-07T08:11:14+00:00\",\"breadcrumb\":{\"@id\":\"https:\\\/\\\/www.bastiacalcio1924.it\\\/public\\\/2015\\\/04\\\/07\\\/a-bastia-umbra-si-fa-accademia\\\/#breadcrumb\"},\"inLanguage\":\"it-IT\",\"potentialAction\":[{\"@type\":\"ReadAction\",\"target\":[\"https:\\\/\\\/www.bastiacalcio1924.it\\\/public\\\/2015\\\/04\\\/07\\\/a-bastia-umbra-si-fa-accademia\\\/\"]}]},{\"@type\":\"ImageObject\",\"inLanguage\":\"it-IT\",\"@id\":\"https:\\\/\\\/www.bastiacalcio1924.it\\\/public\\\/2015\\\/04\\\/07\\\/a-bastia-umbra-si-fa-accademia\\\/#primaryimage\",\"url\":\"\",\"contentUrl\":\"\"},{\"@type\":\"BreadcrumbList\",\"@id\":\"https:\\\/\\\/www.bastiacalcio1924.it\\\/public\\\/2015\\\/04\\\/07\\\/a-bastia-umbra-si-fa-accademia\\\/#breadcrumb\",\"itemListElement\":[{\"@type\":\"ListItem\",\"position\":1,\"name\":\"Home\",\"item\":\"https:\\\/\\\/www.bastiacalcio1924.it\\\/public\\\/\"},{\"@type\":\"ListItem\",\"position\":2,\"name\":\"A Bastia Umbra si fa\u2026 ACCADEMIA\"}]},{\"@type\":\"WebSite\",\"@id\":\"https:\\\/\\\/www.bastiacalcio1924.it\\\/public\\\/#website\",\"url\":\"https:\\\/\\\/www.bastiacalcio1924.it\\\/public\\\/\",\"name\":\"BASTIA CALCIO 1924\",\"description\":\"\",\"publisher\":{\"@id\":\"https:\\\/\\\/www.bastiacalcio1924.it\\\/public\\\/#organization\"},\"potentialAction\":[{\"@type\":\"SearchAction\",\"target\":{\"@type\":\"EntryPoint\",\"urlTemplate\":\"https:\\\/\\\/www.bastiacalcio1924.it\\\/public\\\/?s={search_term_string}\"},\"query-input\":{\"@type\":\"PropertyValueSpecification\",\"valueRequired\":true,\"valueName\":\"search_term_string\"}}],\"inLanguage\":\"it-IT\"},{\"@type\":\"Organization\",\"@id\":\"https:\\\/\\\/www.bastiacalcio1924.it\\\/public\\\/#organization\",\"name\":\"BASTIA CALCIO 1924\",\"url\":\"https:\\\/\\\/www.bastiacalcio1924.it\\\/public\\\/\",\"logo\":{\"@type\":\"ImageObject\",\"inLanguage\":\"it-IT\",\"@id\":\"https:\\\/\\\/www.bastiacalcio1924.it\\\/public\\\/#\\\/schema\\\/logo\\\/image\\\/\",\"url\":\"https:\\\/\\\/www.bastiacalcio1924.it\\\/public\\\/wp-content\\\/uploads\\\/2023\\\/08\\\/cropped-LOGO_100ANNI_REV2_bib_RIDOTTO_QUADRATO_512i.png\",\"contentUrl\":\"https:\\\/\\\/www.bastiacalcio1924.it\\\/public\\\/wp-content\\\/uploads\\\/2023\\\/08\\\/cropped-LOGO_100ANNI_REV2_bib_RIDOTTO_QUADRATO_512i.png\",\"width\":512,\"height\":512,\"caption\":\"BASTIA CALCIO 1924\"},\"image\":{\"@id\":\"https:\\\/\\\/www.bastiacalcio1924.it\\\/public\\\/#\\\/schema\\\/logo\\\/image\\\/\"}},{\"@type\":\"Person\",\"@id\":\"https:\\\/\\\/www.bastiacalcio1924.it\\\/public\\\/#\\\/schema\\\/person\\\/a4907b2b5c36f61ff09b0d496eed4c2f\",\"name\":\"SB\",\"image\":{\"@type\":\"ImageObject\",\"inLanguage\":\"it-IT\",\"@id\":\"https:\\\/\\\/secure.gravatar.com\\\/avatar\\\/641ea1a0dd7727377ab804948a47d775d5b5ee2019dbaeaf4eaaa9cb5f3e2064?s=96&d=mm&r=g\",\"url\":\"https:\\\/\\\/secure.gravatar.com\\\/avatar\\\/641ea1a0dd7727377ab804948a47d775d5b5ee2019dbaeaf4eaaa9cb5f3e2064?s=96&d=mm&r=g\",\"contentUrl\":\"https:\\\/\\\/secure.gravatar.com\\\/avatar\\\/641ea1a0dd7727377ab804948a47d775d5b5ee2019dbaeaf4eaaa9cb5f3e2064?s=96&d=mm&r=g\",\"caption\":\"SB\"},\"url\":\"https:\\\/\\\/www.bastiacalcio1924.it\\\/public\\\/author\\\/stefano-bibi\\\/\"}]}<\/script>\r\n<!-- \/ Yoast SEO plugin. -->","yoast_head_json":{"title":"A Bastia Umbra si fa\u2026 ACCADEMIA - BASTIA CALCIO 1924","robots":{"index":"index","follow":"follow","max-snippet":"max-snippet:-1","max-image-preview":"max-image-preview:large","max-video-preview":"max-video-preview:-1"},"canonical":"https:\/\/www.bastiacalcio1924.it\/public\/2015\/04\/07\/a-bastia-umbra-si-fa-accademia\/","og_locale":"it_IT","og_type":"article","og_title":"A Bastia Umbra si fa\u2026 ACCADEMIA - BASTIA CALCIO 1924","og_description":"E\u2019 una delle realt\u00e0 modello nel panorama umbro grazie all\u2019impegno, la dedizione e la seriet\u00e0 messa in campo dagli addetti ai lavori\u00a0 Per i 250 ragazzi con la passione per il calcio ci sono 28 tecnici addetti alla formazione dei giovani e 2 custodi BASTIA UMBRA \u2013 Pi\u00f9 di 100 ragazzi di et\u00e0 compresa tra [&hellip;]","og_url":"https:\/\/www.bastiacalcio1924.it\/public\/2015\/04\/07\/a-bastia-umbra-si-fa-accademia\/","og_site_name":"BASTIA CALCIO 1924","article_published_time":"2015-04-07T08:11:14+00:00","author":"SB","twitter_misc":{"Scritto da":"SB","Tempo di lettura stimato":"3 minuti"},"schema":{"@context":"https:\/\/schema.org","@graph":[{"@type":"Article","@id":"https:\/\/www.bastiacalcio1924.it\/public\/2015\/04\/07\/a-bastia-umbra-si-fa-accademia\/#article","isPartOf":{"@id":"https:\/\/www.bastiacalcio1924.it\/public\/2015\/04\/07\/a-bastia-umbra-si-fa-accademia\/"},"author":{"name":"SB","@id":"https:\/\/www.bastiacalcio1924.it\/public\/#\/schema\/person\/a4907b2b5c36f61ff09b0d496eed4c2f"},"headline":"A Bastia Umbra si fa\u2026 ACCADEMIA","datePublished":"2015-04-07T08:11:14+00:00","mainEntityOfPage":{"@id":"https:\/\/www.bastiacalcio1924.it\/public\/2015\/04\/07\/a-bastia-umbra-si-fa-accademia\/"},"wordCount":568,"commentCount":0,"publisher":{"@id":"https:\/\/www.bastiacalcio1924.it\/public\/#organization"},"image":{"@id":"https:\/\/www.bastiacalcio1924.it\/public\/2015\/04\/07\/a-bastia-umbra-si-fa-accademia\/#primaryimage"},"thumbnailUrl":"","articleSection":["news"],"inLanguage":"it-IT","potentialAction":[{"@type":"CommentAction","name":"Comment","target":["https:\/\/www.bastiacalcio1924.it\/public\/2015\/04\/07\/a-bastia-umbra-si-fa-accademia\/#respond"]}]},{"@type":"WebPage","@id":"https:\/\/www.bastiacalcio1924.it\/public\/2015\/04\/07\/a-bastia-umbra-si-fa-accademia\/","url":"https:\/\/www.bastiacalcio1924.it\/public\/2015\/04\/07\/a-bastia-umbra-si-fa-accademia\/","name":"A Bastia Umbra si fa\u2026 ACCADEMIA - BASTIA CALCIO 1924","isPartOf":{"@id":"https:\/\/www.bastiacalcio1924.it\/public\/#website"},"primaryImageOfPage":{"@id":"https:\/\/www.bastiacalcio1924.it\/public\/2015\/04\/07\/a-bastia-umbra-si-fa-accademia\/#primaryimage"},"image":{"@id":"https:\/\/www.bastiacalcio1924.it\/public\/2015\/04\/07\/a-bastia-umbra-si-fa-accademia\/#primaryimage"},"thumbnailUrl":"","datePublished":"2015-04-07T08:11:14+00:00","breadcrumb":{"@id":"https:\/\/www.bastiacalcio1924.it\/public\/2015\/04\/07\/a-bastia-umbra-si-fa-accademia\/#breadcrumb"},"inLanguage":"it-IT","potentialAction":[{"@type":"ReadAction","target":["https:\/\/www.bastiacalcio1924.it\/public\/2015\/04\/07\/a-bastia-umbra-si-fa-accademia\/"]}]},{"@type":"ImageObject","inLanguage":"it-IT","@id":"https:\/\/www.bastiacalcio1924.it\/public\/2015\/04\/07\/a-bastia-umbra-si-fa-accademia\/#primaryimage","url":"","contentUrl":""},{"@type":"BreadcrumbList","@id":"https:\/\/www.bastiacalcio1924.it\/public\/2015\/04\/07\/a-bastia-umbra-si-fa-accademia\/#breadcrumb","itemListElement":[{"@type":"ListItem","position":1,"name":"Home","item":"https:\/\/www.bastiacalcio1924.it\/public\/"},{"@type":"ListItem","position":2,"name":"A Bastia Umbra si fa\u2026 ACCADEMIA"}]},{"@type":"WebSite","@id":"https:\/\/www.bastiacalcio1924.it\/public\/#website","url":"https:\/\/www.bastiacalcio1924.it\/public\/","name":"BASTIA CALCIO 1924","description":"","publisher":{"@id":"https:\/\/www.bastiacalcio1924.it\/public\/#organization"},"potentialAction":[{"@type":"SearchAction","target":{"@type":"EntryPoint","urlTemplate":"https:\/\/www.bastiacalcio1924.it\/public\/?s={search_term_string}"},"query-input":{"@type":"PropertyValueSpecification","valueRequired":true,"valueName":"search_term_string"}}],"inLanguage":"it-IT"},{"@type":"Organization","@id":"https:\/\/www.bastiacalcio1924.it\/public\/#organization","name":"BASTIA CALCIO 1924","url":"https:\/\/www.bastiacalcio1924.it\/public\/","logo":{"@type":"ImageObject","inLanguage":"it-IT","@id":"https:\/\/www.bastiacalcio1924.it\/public\/#\/schema\/logo\/image\/","url":"https:\/\/www.bastiacalcio1924.it\/public\/wp-content\/uploads\/2023\/08\/cropped-LOGO_100ANNI_REV2_bib_RIDOTTO_QUADRATO_512i.png","contentUrl":"https:\/\/www.bastiacalcio1924.it\/public\/wp-content\/uploads\/2023\/08\/cropped-LOGO_100ANNI_REV2_bib_RIDOTTO_QUADRATO_512i.png","width":512,"height":512,"caption":"BASTIA CALCIO 1924"},"image":{"@id":"https:\/\/www.bastiacalcio1924.it\/public\/#\/schema\/logo\/image\/"}},{"@type":"Person","@id":"https:\/\/www.bastiacalcio1924.it\/public\/#\/schema\/person\/a4907b2b5c36f61ff09b0d496eed4c2f","name":"SB","image":{"@type":"ImageObject","inLanguage":"it-IT","@id":"https:\/\/secure.gravatar.com\/avatar\/641ea1a0dd7727377ab804948a47d775d5b5ee2019dbaeaf4eaaa9cb5f3e2064?s=96&d=mm&r=g","url":"https:\/\/secure.gravatar.com\/avatar\/641ea1a0dd7727377ab804948a47d775d5b5ee2019dbaeaf4eaaa9cb5f3e2064?s=96&d=mm&r=g","contentUrl":"https:\/\/secure.gravatar.com\/avatar\/641ea1a0dd7727377ab804948a47d775d5b5ee2019dbaeaf4eaaa9cb5f3e2064?s=96&d=mm&r=g","caption":"SB"},"url":"https:\/\/www.bastiacalcio1924.it\/public\/author\/stefano-bibi\/"}]}},"_links":{"self":[{"href":"https:\/\/www.bastiacalcio1924.it\/public\/wp-json\/wp\/v2\/posts\/950","targetHints":{"allow":["GET"]}}],"collection":[{"href":"https:\/\/www.bastiacalcio1924.it\/public\/wp-json\/wp\/v2\/posts"}],"about":[{"href":"https:\/\/www.bastiacalcio1924.it\/public\/wp-json\/wp\/v2\/types\/post"}],"author":[{"embeddable":true,"href":"https:\/\/www.bastiacalcio1924.it\/public\/wp-json\/wp\/v2\/users\/6"}],"replies":[{"embeddable":true,"href":"https:\/\/www.bastiacalcio1924.it\/public\/wp-json\/wp\/v2\/comments?post=950"}],"version-history":[{"count":0,"href":"https:\/\/www.bastiacalcio1924.it\/public\/wp-json\/wp\/v2\/posts\/950\/revisions"}],"wp:featuredmedia":[{"embeddable":true,"href":"https:\/\/www.bastiacalcio1924.it\/public\/wp-json\/"}],"wp:attachment":[{"href":"https:\/\/www.bastiacalcio1924.it\/public\/wp-json\/wp\/v2\/media?parent=950"}],"wp:term":[{"taxonomy":"category","embeddable":true,"href":"https:\/\/www.bastiacalcio1924.it\/public\/wp-json\/wp\/v2\/categories?post=950"},{"taxonomy":"post_tag","embeddable":true,"href":"https:\/\/www.bastiacalcio1924.it\/public\/wp-json\/wp\/v2\/tags?post=950"}],"curies":[{"name":"wp","href":"https:\/\/api.w.org\/{rel}","templated":true}]}}