{"id":2281,"date":"2016-11-24T17:49:52","date_gmt":"2016-11-24T16:49:52","guid":{"rendered":"http:\/\/www.acdbastia1924.it\/?p=2281"},"modified":"2016-11-24T17:49:52","modified_gmt":"2016-11-24T16:49:52","slug":"villabiagio-bastia-soffre-vertigini","status":"publish","type":"post","link":"https:\/\/www.bastiacalcio1924.it\/public\/2016\/11\/24\/villabiagio-bastia-soffre-vertigini\/","title":{"rendered":"Villabiagio-Bastia, chi soffre di vertigini?"},"content":{"rendered":"<p><a href=\"http:\/\/www.acdbastia1924.it\/wp-content\/uploads\/2016\/11\/received_10210937015811683.jpeg\" target=\"_blank\"><img loading=\"lazy\" decoding=\"async\" class=\"alignleft wp-image-2283\" src=\"http:\/\/www.acdbastia1924.it\/wp-content\/uploads\/2016\/11\/received_10210937015811683-724x1024.jpeg\" alt=\"received_10210937015811683\" width=\"400\" height=\"566\" srcset=\"https:\/\/www.bastiacalcio1924.it\/public\/wp-content\/uploads\/2016\/11\/received_10210937015811683-724x1024.jpeg 724w, https:\/\/www.bastiacalcio1924.it\/public\/wp-content\/uploads\/2016\/11\/received_10210937015811683-212x300.jpeg 212w, https:\/\/www.bastiacalcio1924.it\/public\/wp-content\/uploads\/2016\/11\/received_10210937015811683-768x1087.jpeg 768w, https:\/\/www.bastiacalcio1924.it\/public\/wp-content\/uploads\/2016\/11\/received_10210937015811683-177x250.jpeg 177w, https:\/\/www.bastiacalcio1924.it\/public\/wp-content\/uploads\/2016\/11\/received_10210937015811683.jpeg 913w\" sizes=\"(max-width: 400px) 100vw, 400px\" \/><\/a><\/p>\n<p><strong>Eccellenza Il campionato si accende dopo il ko della corazzata Voluntas Spoleto<\/strong><\/p>\n<div class=\"articlePlainText\"><span style=\"color: #0000ff;\"><strong><em>Nicola Agostini<\/em><\/strong><\/span><br \/>\nDI DOMENICA in domenica una settimana tutta da vivere in Eccellenza. La vittoria del Villabiagio sulla Voluntas Spoleto accende ancora di pi\u00f9 l\u2019interesse per il big match che, domenica prossima, vedr\u00e0 di fronte il Bastia capolista e il Villabiagio che insegue ad una lunghezza. Alla formazione di Luca Grilli basta il 2-2 in casa della Subasio per ritrovarsi al comando in solitaria, complice la sconfitta della Voluntas Spoleto, battuta 2-1 proprio dal Villabiagio. La formazione di Paolo Guastalvino, dopo il periodo no, sembra essersi ritrovata: cambio di modulo (dal 3-5-2 al 4-4-2) e maggior consapevolezza nei giocatori che hanno risposto presente dopo la dimissioni rassegnate dal tecnico e respinte dalla societ\u00e0 due settimane fa. La sfida di Bastia sar\u00e0 un banco di prova per entrambe, con il tecnico bastiolo Luca Grilli grande ex della sfida. Chi vola davvero \u00e8 il Ventinella di Francesco Farsi che supera anche il Gualdo Casacastalda con un 2-0 che vale la quarta vittoria di fila e proietta la compagine del presidente Lanari a meno 4 dalla vetta. Domenica prossima il Ventinella sar\u00e0 di scena in casa della Voluntas con possibilit\u00e0 di aggancio agli spoletini in caso di vittoria. A Massa Martana la cura Luciano Marini sta dando i suoi frutti: 9 punti in 3 gare dopo l\u2019avvento del tecnico, con 11 gol realizzati, 4 dei quali domenica a Lama, campo tradizionalmente molto ostico. Prima sconfitta interna per il Petrignano, battuto 3-2 da un Fontanelle Branca che, dopo un periodo di rodaggio, ha ingranato la marcia giusta. Fa fatica invece ad ambientarsi nella nuova categoria l\u2019Atletico Orte, battuto anche dalla Narnese trascinata da un Paolo Quondam versione bomber. Tre punti d\u2019oro anche per il San Sisto che supera 3-1 il Torgiano e scala la classifica. Un punto per uno fra Castel del Piano e Angelana con i due portieri, Marianeschi e Mazzoni, protagonisti assoluti.<\/div>\n","protected":false},"excerpt":{"rendered":"<p>Eccellenza Il campionato si accende dopo il ko della corazzata Voluntas Spoleto Nicola Agostini DI DOMENICA in domenica una settimana tutta da vivere in Eccellenza. La vittoria del Villabiagio sulla Voluntas Spoleto accende ancora di pi\u00f9 l\u2019interesse per il big match che, domenica prossima, vedr\u00e0 di fronte il Bastia capolista e il Villabiagio che insegue [&hellip;]<\/p>\n","protected":false},"author":1,"featured_media":2283,"comment_status":"open","ping_status":"closed","sticky":false,"template":"","format":"gallery","meta":{"_bbp_topic_count":0,"_bbp_reply_count":0,"_bbp_total_topic_count":0,"_bbp_total_reply_count":0,"_bbp_voice_count":0,"_bbp_anonymous_reply_count":0,"_bbp_topic_count_hidden":0,"_bbp_reply_count_hidden":0,"_bbp_forum_subforum_count":0,"_et_pb_use_builder":"","_et_pb_old_content":"","_et_gb_content_width":"","footnotes":""},"categories":[30],"tags":[],"class_list":["post-2281","post","type-post","status-publish","format-gallery","has-post-thumbnail","hentry","category-rassegna-stampa","post_format-post-format-gallery"],"yoast_head":"<!-- This site is optimized with the Yoast SEO plugin v27.4 - https:\/\/yoast.com\/product\/yoast-seo-wordpress\/ -->\r\n<title>Villabiagio-Bastia, chi soffre di vertigini? - BASTIA CALCIO 1924<\/title>\r\n<meta name=\"robots\" content=\"index, follow, max-snippet:-1, max-image-preview:large, max-video-preview:-1\" \/>\r\n<link rel=\"canonical\" href=\"https:\/\/www.bastiacalcio1924.it\/public\/2016\/11\/24\/villabiagio-bastia-soffre-vertigini\/\" \/>\r\n<meta property=\"og:locale\" content=\"it_IT\" \/>\r\n<meta property=\"og:type\" content=\"article\" \/>\r\n<meta property=\"og:title\" content=\"Villabiagio-Bastia, chi soffre di vertigini? - BASTIA CALCIO 1924\" \/>\r\n<meta property=\"og:description\" content=\"Eccellenza Il campionato si accende dopo il ko della corazzata Voluntas Spoleto Nicola Agostini DI DOMENICA in domenica una settimana tutta da vivere in Eccellenza. La vittoria del Villabiagio sulla Voluntas Spoleto accende ancora di pi\u00f9 l\u2019interesse per il big match che, domenica prossima, vedr\u00e0 di fronte il Bastia capolista e il Villabiagio che insegue [&hellip;]\" \/>\r\n<meta property=\"og:url\" content=\"https:\/\/www.bastiacalcio1924.it\/public\/2016\/11\/24\/villabiagio-bastia-soffre-vertigini\/\" \/>\r\n<meta property=\"og:site_name\" content=\"BASTIA CALCIO 1924\" \/>\r\n<meta property=\"article:published_time\" content=\"2016-11-24T16:49:52+00:00\" \/>\r\n<meta property=\"og:image\" content=\"https:\/\/www.bastiacalcio1924.it\/public\/wp-content\/uploads\/2016\/11\/received_10210937015811683.jpeg\" \/>\r\n\t<meta property=\"og:image:width\" content=\"913\" \/>\r\n\t<meta property=\"og:image:height\" content=\"1292\" \/>\r\n\t<meta property=\"og:image:type\" content=\"image\/jpeg\" \/>\r\n<meta name=\"author\" content=\"Paolo Betti\" \/>\r\n<meta name=\"twitter:label1\" content=\"Scritto da\" \/>\n\t<meta name=\"twitter:data1\" content=\"Paolo Betti\" \/>\n\t<meta name=\"twitter:label2\" content=\"Tempo di lettura stimato\" \/>\n\t<meta name=\"twitter:data2\" content=\"2 minuti\" \/>\r\n<script type=\"application\/ld+json\" class=\"yoast-schema-graph\">{\"@context\":\"https:\\\/\\\/schema.org\",\"@graph\":[{\"@type\":\"Article\",\"@id\":\"https:\\\/\\\/www.bastiacalcio1924.it\\\/public\\\/2016\\\/11\\\/24\\\/villabiagio-bastia-soffre-vertigini\\\/#article\",\"isPartOf\":{\"@id\":\"https:\\\/\\\/www.bastiacalcio1924.it\\\/public\\\/2016\\\/11\\\/24\\\/villabiagio-bastia-soffre-vertigini\\\/\"},\"author\":{\"name\":\"Paolo Betti\",\"@id\":\"https:\\\/\\\/www.bastiacalcio1924.it\\\/public\\\/#\\\/schema\\\/person\\\/0a1a81b524b5e9623fa7be23669b181e\"},\"headline\":\"Villabiagio-Bastia, chi soffre di vertigini?\",\"datePublished\":\"2016-11-24T16:49:52+00:00\",\"mainEntityOfPage\":{\"@id\":\"https:\\\/\\\/www.bastiacalcio1924.it\\\/public\\\/2016\\\/11\\\/24\\\/villabiagio-bastia-soffre-vertigini\\\/\"},\"wordCount\":327,\"commentCount\":0,\"publisher\":{\"@id\":\"https:\\\/\\\/www.bastiacalcio1924.it\\\/public\\\/#organization\"},\"image\":{\"@id\":\"https:\\\/\\\/www.bastiacalcio1924.it\\\/public\\\/2016\\\/11\\\/24\\\/villabiagio-bastia-soffre-vertigini\\\/#primaryimage\"},\"thumbnailUrl\":\"https:\\\/\\\/www.bastiacalcio1924.it\\\/public\\\/wp-content\\\/uploads\\\/2016\\\/11\\\/received_10210937015811683.jpeg\",\"articleSection\":[\"Rassegna Stampa\"],\"inLanguage\":\"it-IT\",\"potentialAction\":[{\"@type\":\"CommentAction\",\"name\":\"Comment\",\"target\":[\"https:\\\/\\\/www.bastiacalcio1924.it\\\/public\\\/2016\\\/11\\\/24\\\/villabiagio-bastia-soffre-vertigini\\\/#respond\"]}]},{\"@type\":\"WebPage\",\"@id\":\"https:\\\/\\\/www.bastiacalcio1924.it\\\/public\\\/2016\\\/11\\\/24\\\/villabiagio-bastia-soffre-vertigini\\\/\",\"url\":\"https:\\\/\\\/www.bastiacalcio1924.it\\\/public\\\/2016\\\/11\\\/24\\\/villabiagio-bastia-soffre-vertigini\\\/\",\"name\":\"Villabiagio-Bastia, chi soffre di vertigini? - BASTIA CALCIO 1924\",\"isPartOf\":{\"@id\":\"https:\\\/\\\/www.bastiacalcio1924.it\\\/public\\\/#website\"},\"primaryImageOfPage\":{\"@id\":\"https:\\\/\\\/www.bastiacalcio1924.it\\\/public\\\/2016\\\/11\\\/24\\\/villabiagio-bastia-soffre-vertigini\\\/#primaryimage\"},\"image\":{\"@id\":\"https:\\\/\\\/www.bastiacalcio1924.it\\\/public\\\/2016\\\/11\\\/24\\\/villabiagio-bastia-soffre-vertigini\\\/#primaryimage\"},\"thumbnailUrl\":\"https:\\\/\\\/www.bastiacalcio1924.it\\\/public\\\/wp-content\\\/uploads\\\/2016\\\/11\\\/received_10210937015811683.jpeg\",\"datePublished\":\"2016-11-24T16:49:52+00:00\",\"breadcrumb\":{\"@id\":\"https:\\\/\\\/www.bastiacalcio1924.it\\\/public\\\/2016\\\/11\\\/24\\\/villabiagio-bastia-soffre-vertigini\\\/#breadcrumb\"},\"inLanguage\":\"it-IT\",\"potentialAction\":[{\"@type\":\"ReadAction\",\"target\":[\"https:\\\/\\\/www.bastiacalcio1924.it\\\/public\\\/2016\\\/11\\\/24\\\/villabiagio-bastia-soffre-vertigini\\\/\"]}]},{\"@type\":\"ImageObject\",\"inLanguage\":\"it-IT\",\"@id\":\"https:\\\/\\\/www.bastiacalcio1924.it\\\/public\\\/2016\\\/11\\\/24\\\/villabiagio-bastia-soffre-vertigini\\\/#primaryimage\",\"url\":\"https:\\\/\\\/www.bastiacalcio1924.it\\\/public\\\/wp-content\\\/uploads\\\/2016\\\/11\\\/received_10210937015811683.jpeg\",\"contentUrl\":\"https:\\\/\\\/www.bastiacalcio1924.it\\\/public\\\/wp-content\\\/uploads\\\/2016\\\/11\\\/received_10210937015811683.jpeg\",\"width\":913,\"height\":1292},{\"@type\":\"BreadcrumbList\",\"@id\":\"https:\\\/\\\/www.bastiacalcio1924.it\\\/public\\\/2016\\\/11\\\/24\\\/villabiagio-bastia-soffre-vertigini\\\/#breadcrumb\",\"itemListElement\":[{\"@type\":\"ListItem\",\"position\":1,\"name\":\"Home\",\"item\":\"https:\\\/\\\/www.bastiacalcio1924.it\\\/public\\\/\"},{\"@type\":\"ListItem\",\"position\":2,\"name\":\"Villabiagio-Bastia, chi soffre di vertigini?\"}]},{\"@type\":\"WebSite\",\"@id\":\"https:\\\/\\\/www.bastiacalcio1924.it\\\/public\\\/#website\",\"url\":\"https:\\\/\\\/www.bastiacalcio1924.it\\\/public\\\/\",\"name\":\"BASTIA CALCIO 1924\",\"description\":\"\",\"publisher\":{\"@id\":\"https:\\\/\\\/www.bastiacalcio1924.it\\\/public\\\/#organization\"},\"potentialAction\":[{\"@type\":\"SearchAction\",\"target\":{\"@type\":\"EntryPoint\",\"urlTemplate\":\"https:\\\/\\\/www.bastiacalcio1924.it\\\/public\\\/?s={search_term_string}\"},\"query-input\":{\"@type\":\"PropertyValueSpecification\",\"valueRequired\":true,\"valueName\":\"search_term_string\"}}],\"inLanguage\":\"it-IT\"},{\"@type\":\"Organization\",\"@id\":\"https:\\\/\\\/www.bastiacalcio1924.it\\\/public\\\/#organization\",\"name\":\"BASTIA CALCIO 1924\",\"url\":\"https:\\\/\\\/www.bastiacalcio1924.it\\\/public\\\/\",\"logo\":{\"@type\":\"ImageObject\",\"inLanguage\":\"it-IT\",\"@id\":\"https:\\\/\\\/www.bastiacalcio1924.it\\\/public\\\/#\\\/schema\\\/logo\\\/image\\\/\",\"url\":\"https:\\\/\\\/www.bastiacalcio1924.it\\\/public\\\/wp-content\\\/uploads\\\/2023\\\/08\\\/cropped-LOGO_100ANNI_REV2_bib_RIDOTTO_QUADRATO_512i.png\",\"contentUrl\":\"https:\\\/\\\/www.bastiacalcio1924.it\\\/public\\\/wp-content\\\/uploads\\\/2023\\\/08\\\/cropped-LOGO_100ANNI_REV2_bib_RIDOTTO_QUADRATO_512i.png\",\"width\":512,\"height\":512,\"caption\":\"BASTIA CALCIO 1924\"},\"image\":{\"@id\":\"https:\\\/\\\/www.bastiacalcio1924.it\\\/public\\\/#\\\/schema\\\/logo\\\/image\\\/\"}},{\"@type\":\"Person\",\"@id\":\"https:\\\/\\\/www.bastiacalcio1924.it\\\/public\\\/#\\\/schema\\\/person\\\/0a1a81b524b5e9623fa7be23669b181e\",\"name\":\"Paolo Betti\",\"image\":{\"@type\":\"ImageObject\",\"inLanguage\":\"it-IT\",\"@id\":\"https:\\\/\\\/secure.gravatar.com\\\/avatar\\\/87040398117de247b254482d36fb94e854c830fecb785fe7b5de726c344cad78?s=96&d=mm&r=g\",\"url\":\"https:\\\/\\\/secure.gravatar.com\\\/avatar\\\/87040398117de247b254482d36fb94e854c830fecb785fe7b5de726c344cad78?s=96&d=mm&r=g\",\"contentUrl\":\"https:\\\/\\\/secure.gravatar.com\\\/avatar\\\/87040398117de247b254482d36fb94e854c830fecb785fe7b5de726c344cad78?s=96&d=mm&r=g\",\"caption\":\"Paolo Betti\"},\"url\":\"https:\\\/\\\/www.bastiacalcio1924.it\\\/public\\\/author\\\/admin\\\/\"}]}<\/script>\r\n<!-- \/ Yoast SEO plugin. -->","yoast_head_json":{"title":"Villabiagio-Bastia, chi soffre di vertigini? - BASTIA CALCIO 1924","robots":{"index":"index","follow":"follow","max-snippet":"max-snippet:-1","max-image-preview":"max-image-preview:large","max-video-preview":"max-video-preview:-1"},"canonical":"https:\/\/www.bastiacalcio1924.it\/public\/2016\/11\/24\/villabiagio-bastia-soffre-vertigini\/","og_locale":"it_IT","og_type":"article","og_title":"Villabiagio-Bastia, chi soffre di vertigini? - BASTIA CALCIO 1924","og_description":"Eccellenza Il campionato si accende dopo il ko della corazzata Voluntas Spoleto Nicola Agostini DI DOMENICA in domenica una settimana tutta da vivere in Eccellenza. La vittoria del Villabiagio sulla Voluntas Spoleto accende ancora di pi\u00f9 l\u2019interesse per il big match che, domenica prossima, vedr\u00e0 di fronte il Bastia capolista e il Villabiagio che insegue [&hellip;]","og_url":"https:\/\/www.bastiacalcio1924.it\/public\/2016\/11\/24\/villabiagio-bastia-soffre-vertigini\/","og_site_name":"BASTIA CALCIO 1924","article_published_time":"2016-11-24T16:49:52+00:00","og_image":[{"width":913,"height":1292,"url":"https:\/\/www.bastiacalcio1924.it\/public\/wp-content\/uploads\/2016\/11\/received_10210937015811683.jpeg","type":"image\/jpeg"}],"author":"Paolo Betti","twitter_misc":{"Scritto da":"Paolo Betti","Tempo di lettura stimato":"2 minuti"},"schema":{"@context":"https:\/\/schema.org","@graph":[{"@type":"Article","@id":"https:\/\/www.bastiacalcio1924.it\/public\/2016\/11\/24\/villabiagio-bastia-soffre-vertigini\/#article","isPartOf":{"@id":"https:\/\/www.bastiacalcio1924.it\/public\/2016\/11\/24\/villabiagio-bastia-soffre-vertigini\/"},"author":{"name":"Paolo Betti","@id":"https:\/\/www.bastiacalcio1924.it\/public\/#\/schema\/person\/0a1a81b524b5e9623fa7be23669b181e"},"headline":"Villabiagio-Bastia, chi soffre di vertigini?","datePublished":"2016-11-24T16:49:52+00:00","mainEntityOfPage":{"@id":"https:\/\/www.bastiacalcio1924.it\/public\/2016\/11\/24\/villabiagio-bastia-soffre-vertigini\/"},"wordCount":327,"commentCount":0,"publisher":{"@id":"https:\/\/www.bastiacalcio1924.it\/public\/#organization"},"image":{"@id":"https:\/\/www.bastiacalcio1924.it\/public\/2016\/11\/24\/villabiagio-bastia-soffre-vertigini\/#primaryimage"},"thumbnailUrl":"https:\/\/www.bastiacalcio1924.it\/public\/wp-content\/uploads\/2016\/11\/received_10210937015811683.jpeg","articleSection":["Rassegna Stampa"],"inLanguage":"it-IT","potentialAction":[{"@type":"CommentAction","name":"Comment","target":["https:\/\/www.bastiacalcio1924.it\/public\/2016\/11\/24\/villabiagio-bastia-soffre-vertigini\/#respond"]}]},{"@type":"WebPage","@id":"https:\/\/www.bastiacalcio1924.it\/public\/2016\/11\/24\/villabiagio-bastia-soffre-vertigini\/","url":"https:\/\/www.bastiacalcio1924.it\/public\/2016\/11\/24\/villabiagio-bastia-soffre-vertigini\/","name":"Villabiagio-Bastia, chi soffre di vertigini? - BASTIA CALCIO 1924","isPartOf":{"@id":"https:\/\/www.bastiacalcio1924.it\/public\/#website"},"primaryImageOfPage":{"@id":"https:\/\/www.bastiacalcio1924.it\/public\/2016\/11\/24\/villabiagio-bastia-soffre-vertigini\/#primaryimage"},"image":{"@id":"https:\/\/www.bastiacalcio1924.it\/public\/2016\/11\/24\/villabiagio-bastia-soffre-vertigini\/#primaryimage"},"thumbnailUrl":"https:\/\/www.bastiacalcio1924.it\/public\/wp-content\/uploads\/2016\/11\/received_10210937015811683.jpeg","datePublished":"2016-11-24T16:49:52+00:00","breadcrumb":{"@id":"https:\/\/www.bastiacalcio1924.it\/public\/2016\/11\/24\/villabiagio-bastia-soffre-vertigini\/#breadcrumb"},"inLanguage":"it-IT","potentialAction":[{"@type":"ReadAction","target":["https:\/\/www.bastiacalcio1924.it\/public\/2016\/11\/24\/villabiagio-bastia-soffre-vertigini\/"]}]},{"@type":"ImageObject","inLanguage":"it-IT","@id":"https:\/\/www.bastiacalcio1924.it\/public\/2016\/11\/24\/villabiagio-bastia-soffre-vertigini\/#primaryimage","url":"https:\/\/www.bastiacalcio1924.it\/public\/wp-content\/uploads\/2016\/11\/received_10210937015811683.jpeg","contentUrl":"https:\/\/www.bastiacalcio1924.it\/public\/wp-content\/uploads\/2016\/11\/received_10210937015811683.jpeg","width":913,"height":1292},{"@type":"BreadcrumbList","@id":"https:\/\/www.bastiacalcio1924.it\/public\/2016\/11\/24\/villabiagio-bastia-soffre-vertigini\/#breadcrumb","itemListElement":[{"@type":"ListItem","position":1,"name":"Home","item":"https:\/\/www.bastiacalcio1924.it\/public\/"},{"@type":"ListItem","position":2,"name":"Villabiagio-Bastia, chi soffre di vertigini?"}]},{"@type":"WebSite","@id":"https:\/\/www.bastiacalcio1924.it\/public\/#website","url":"https:\/\/www.bastiacalcio1924.it\/public\/","name":"BASTIA CALCIO 1924","description":"","publisher":{"@id":"https:\/\/www.bastiacalcio1924.it\/public\/#organization"},"potentialAction":[{"@type":"SearchAction","target":{"@type":"EntryPoint","urlTemplate":"https:\/\/www.bastiacalcio1924.it\/public\/?s={search_term_string}"},"query-input":{"@type":"PropertyValueSpecification","valueRequired":true,"valueName":"search_term_string"}}],"inLanguage":"it-IT"},{"@type":"Organization","@id":"https:\/\/www.bastiacalcio1924.it\/public\/#organization","name":"BASTIA CALCIO 1924","url":"https:\/\/www.bastiacalcio1924.it\/public\/","logo":{"@type":"ImageObject","inLanguage":"it-IT","@id":"https:\/\/www.bastiacalcio1924.it\/public\/#\/schema\/logo\/image\/","url":"https:\/\/www.bastiacalcio1924.it\/public\/wp-content\/uploads\/2023\/08\/cropped-LOGO_100ANNI_REV2_bib_RIDOTTO_QUADRATO_512i.png","contentUrl":"https:\/\/www.bastiacalcio1924.it\/public\/wp-content\/uploads\/2023\/08\/cropped-LOGO_100ANNI_REV2_bib_RIDOTTO_QUADRATO_512i.png","width":512,"height":512,"caption":"BASTIA CALCIO 1924"},"image":{"@id":"https:\/\/www.bastiacalcio1924.it\/public\/#\/schema\/logo\/image\/"}},{"@type":"Person","@id":"https:\/\/www.bastiacalcio1924.it\/public\/#\/schema\/person\/0a1a81b524b5e9623fa7be23669b181e","name":"Paolo Betti","image":{"@type":"ImageObject","inLanguage":"it-IT","@id":"https:\/\/secure.gravatar.com\/avatar\/87040398117de247b254482d36fb94e854c830fecb785fe7b5de726c344cad78?s=96&d=mm&r=g","url":"https:\/\/secure.gravatar.com\/avatar\/87040398117de247b254482d36fb94e854c830fecb785fe7b5de726c344cad78?s=96&d=mm&r=g","contentUrl":"https:\/\/secure.gravatar.com\/avatar\/87040398117de247b254482d36fb94e854c830fecb785fe7b5de726c344cad78?s=96&d=mm&r=g","caption":"Paolo Betti"},"url":"https:\/\/www.bastiacalcio1924.it\/public\/author\/admin\/"}]}},"_links":{"self":[{"href":"https:\/\/www.bastiacalcio1924.it\/public\/wp-json\/wp\/v2\/posts\/2281","targetHints":{"allow":["GET"]}}],"collection":[{"href":"https:\/\/www.bastiacalcio1924.it\/public\/wp-json\/wp\/v2\/posts"}],"about":[{"href":"https:\/\/www.bastiacalcio1924.it\/public\/wp-json\/wp\/v2\/types\/post"}],"author":[{"embeddable":true,"href":"https:\/\/www.bastiacalcio1924.it\/public\/wp-json\/wp\/v2\/users\/1"}],"replies":[{"embeddable":true,"href":"https:\/\/www.bastiacalcio1924.it\/public\/wp-json\/wp\/v2\/comments?post=2281"}],"version-history":[{"count":1,"href":"https:\/\/www.bastiacalcio1924.it\/public\/wp-json\/wp\/v2\/posts\/2281\/revisions"}],"predecessor-version":[{"id":2284,"href":"https:\/\/www.bastiacalcio1924.it\/public\/wp-json\/wp\/v2\/posts\/2281\/revisions\/2284"}],"wp:featuredmedia":[{"embeddable":true,"href":"https:\/\/www.bastiacalcio1924.it\/public\/wp-json\/wp\/v2\/media\/2283"}],"wp:attachment":[{"href":"https:\/\/www.bastiacalcio1924.it\/public\/wp-json\/wp\/v2\/media?parent=2281"}],"wp:term":[{"taxonomy":"category","embeddable":true,"href":"https:\/\/www.bastiacalcio1924.it\/public\/wp-json\/wp\/v2\/categories?post=2281"},{"taxonomy":"post_tag","embeddable":true,"href":"https:\/\/www.bastiacalcio1924.it\/public\/wp-json\/wp\/v2\/tags?post=2281"}],"curies":[{"name":"wp","href":"https:\/\/api.w.org\/{rel}","templated":true}]}}