{"id":1464,"date":"2015-09-18T12:45:26","date_gmt":"2015-09-18T10:45:26","guid":{"rendered":"http:\/\/www.acdbastia1924.it\/?p=1464"},"modified":"2015-09-18T12:45:59","modified_gmt":"2015-09-18T10:45:59","slug":"borrelli-il-derby-segna-battistelli","status":"publish","type":"post","link":"https:\/\/www.bastiacalcio1924.it\/public\/2015\/09\/18\/borrelli-il-derby-segna-battistelli\/","title":{"rendered":"Borrelli: \u00abIl derby? Segna Battistelli\u00bb"},"content":{"rendered":"<header class=\"entry-header clearfix\">\n<h1 class=\"entry-title\"><\/h1>\n<div class=\"entry-meta clearfix\"><\/div>\n<\/header>\n<section class=\"entry-title\">\n<div class=\"pf-content\">\n<p><strong><a href=\"http:\/\/www.bastia.it\/?attachment_id=75287\" rel=\"attachment wp-att-75287\"><img loading=\"lazy\" decoding=\"async\" class=\"alignleft size-full wp-image-75287\" src=\"http:\/\/www.bastia.it\/wp-content\/uploads\/2015\/09\/BORRELLI.png\" alt=\"BORRELLI\" width=\"237\" height=\"176\" \/><\/a>Domenica l\u2019Angelana ospita il Bastia. Il puntero dice la sua da doppio ex<\/strong><\/p>\n<p>di NICOLA AGOSTINI<\/p>\n<p>PERUGIA \u2013 \u00abAngelana-Bastia? E non \u00e8 mica cos\u00ec facile. A Bastia ho vinto un campionato. Ho tuttora un rapporto bellissimo con i tifosi e con tanti amici bastioli. A Santa Maria degli Angeli, nonostante quattro mesi balordi per via di un problema al ginocchio, sono rimasto in ottimi rapporti con la societ\u00e0, soprattutto con il dg Simone Tarpanelli. Farei un torto a dire che tifo per qualcuno\u00bb. Mettiamola cos\u00ec. Domenica al 90\u2019 di Sorrento-Sant\u2019Antonio Abate il primo risultato che chieder\u00e0 Mimmo Borrelli (nella foto)sar\u00e0 Angelana-Bastia. \u00abSenza dubbio. Appena rientrer\u00f2 negli spogliatoi andr\u00f2 subito su Eccellenzacalcio a guardarmi il risultato. Non finir\u00e0 0-0 in ogni caso perch\u00e9 sarei pronto a scommettere sul gol di Michele Battistelli per il Bastia\u00bb. Il grande ex della sfida, tornato in estate a Bastia dopo due\u00a0stagioni all\u2019Angelana. \u00abPer me Michele \u00e8 un fratello. Quando sono arrivato a Bastia mi ha anche ospitato a casa sua. E\u2019 un ragazzo d\u2019oro e un gran giocatore. So che sente questa sfida e per questo sono convinto che segner\u00e0\u00bb. Il Bastia di Mimmo Borrelli e quello attuale \u00e8 cambiato parecchio. \u00abS\u00ec, in pratica sono rimasti solo Battistelli, Tajolini e Marchetti. Ripeto, io ho ricordi bellissimi. Per assurdo dico che la partita pi\u00f9 belle per me \u00e8 stata quella con la Narnese. Quella vittoria ci ha spianato la strada verso la D\u00bb. E l\u2019Angelana? \u00abHo il rimpianto di non aver potuto dare quello che avrei voluto e che la societ\u00e0 avrebbe meritato. Mi ricordo un bel gol su punizione al Villabiagio ma a Santa Maria il vero Borrelli non l\u2019hanno mai visto\u00bb. Quello che si augurano di vedere al Sant\u2019Antonio Abate, Eccellenza campana, la nuova sfida di bomber\u00a0Mimmo ora, a 34 anni, diventato assistman\u2026 \u00abNo, ho fatto due assist ma qualche golletto lasciatemelo fare ancora. Questo \u00e8 un girone fortissimo, ci sono Nocerina e Sorrento, tanto per intenderci. Poi per\u00f2 ci siamo noi. Lasciatemi salutare anche l\u2019Orvietana. Societ\u00e0 splendida che spero possa vincere il campionato\u00bb. Ma se dovesse segnare Battistelli che messaggio si troverebbe? \u00abBell Michel Anonnn e signat. Fatevela tradurre da lui\u2026\u00bb.<\/p>\n<\/div>\n<\/section>\n","protected":false},"excerpt":{"rendered":"<p>Domenica l\u2019Angelana ospita il Bastia. Il puntero dice la sua da doppio ex di NICOLA AGOSTINI PERUGIA \u2013 \u00abAngelana-Bastia? E non \u00e8 mica cos\u00ec facile. A Bastia ho vinto un campionato. Ho tuttora un rapporto bellissimo con i tifosi e con tanti amici bastioli. A Santa Maria degli Angeli, nonostante quattro mesi balordi per via [&hellip;]<\/p>\n","protected":false},"author":1,"featured_media":0,"comment_status":"open","ping_status":"closed","sticky":false,"template":"","format":"gallery","meta":{"_bbp_topic_count":0,"_bbp_reply_count":0,"_bbp_total_topic_count":0,"_bbp_total_reply_count":0,"_bbp_voice_count":0,"_bbp_anonymous_reply_count":0,"_bbp_topic_count_hidden":0,"_bbp_reply_count_hidden":0,"_bbp_forum_subforum_count":0,"_et_pb_use_builder":"","_et_pb_old_content":"","_et_gb_content_width":"","footnotes":""},"categories":[30],"tags":[],"class_list":["post-1464","post","type-post","status-publish","format-gallery","hentry","category-rassegna-stampa","post_format-post-format-gallery"],"yoast_head":"<!-- This site is optimized with the Yoast SEO plugin v27.4 - https:\/\/yoast.com\/product\/yoast-seo-wordpress\/ -->\r\n<title>Borrelli: \u00abIl derby? Segna Battistelli\u00bb - BASTIA CALCIO 1924<\/title>\r\n<meta name=\"robots\" content=\"index, follow, max-snippet:-1, max-image-preview:large, max-video-preview:-1\" \/>\r\n<link rel=\"canonical\" href=\"https:\/\/www.bastiacalcio1924.it\/public\/2015\/09\/18\/borrelli-il-derby-segna-battistelli\/\" \/>\r\n<meta property=\"og:locale\" content=\"it_IT\" \/>\r\n<meta property=\"og:type\" content=\"article\" \/>\r\n<meta property=\"og:title\" content=\"Borrelli: \u00abIl derby? Segna Battistelli\u00bb - BASTIA CALCIO 1924\" \/>\r\n<meta property=\"og:description\" content=\"Domenica l\u2019Angelana ospita il Bastia. Il puntero dice la sua da doppio ex di NICOLA AGOSTINI PERUGIA \u2013 \u00abAngelana-Bastia? E non \u00e8 mica cos\u00ec facile. A Bastia ho vinto un campionato. Ho tuttora un rapporto bellissimo con i tifosi e con tanti amici bastioli. A Santa Maria degli Angeli, nonostante quattro mesi balordi per via [&hellip;]\" \/>\r\n<meta property=\"og:url\" content=\"https:\/\/www.bastiacalcio1924.it\/public\/2015\/09\/18\/borrelli-il-derby-segna-battistelli\/\" \/>\r\n<meta property=\"og:site_name\" content=\"BASTIA CALCIO 1924\" \/>\r\n<meta property=\"article:published_time\" content=\"2015-09-18T10:45:26+00:00\" \/>\r\n<meta property=\"article:modified_time\" content=\"2015-09-18T10:45:59+00:00\" \/>\r\n<meta property=\"og:image\" content=\"http:\/\/www.bastia.it\/wp-content\/uploads\/2015\/09\/BORRELLI.png\" \/>\r\n<meta name=\"author\" content=\"Paolo Betti\" \/>\r\n<meta name=\"twitter:label1\" content=\"Scritto da\" \/>\n\t<meta name=\"twitter:data1\" content=\"Paolo Betti\" \/>\n\t<meta name=\"twitter:label2\" content=\"Tempo di lettura stimato\" \/>\n\t<meta name=\"twitter:data2\" content=\"2 minuti\" \/>\r\n<script type=\"application\/ld+json\" class=\"yoast-schema-graph\">{\"@context\":\"https:\\\/\\\/schema.org\",\"@graph\":[{\"@type\":\"Article\",\"@id\":\"https:\\\/\\\/www.bastiacalcio1924.it\\\/public\\\/2015\\\/09\\\/18\\\/borrelli-il-derby-segna-battistelli\\\/#article\",\"isPartOf\":{\"@id\":\"https:\\\/\\\/www.bastiacalcio1924.it\\\/public\\\/2015\\\/09\\\/18\\\/borrelli-il-derby-segna-battistelli\\\/\"},\"author\":{\"name\":\"Paolo Betti\",\"@id\":\"https:\\\/\\\/www.bastiacalcio1924.it\\\/public\\\/#\\\/schema\\\/person\\\/0a1a81b524b5e9623fa7be23669b181e\"},\"headline\":\"Borrelli: \u00abIl derby? Segna Battistelli\u00bb\",\"datePublished\":\"2015-09-18T10:45:26+00:00\",\"dateModified\":\"2015-09-18T10:45:59+00:00\",\"mainEntityOfPage\":{\"@id\":\"https:\\\/\\\/www.bastiacalcio1924.it\\\/public\\\/2015\\\/09\\\/18\\\/borrelli-il-derby-segna-battistelli\\\/\"},\"wordCount\":366,\"commentCount\":0,\"publisher\":{\"@id\":\"https:\\\/\\\/www.bastiacalcio1924.it\\\/public\\\/#organization\"},\"image\":{\"@id\":\"https:\\\/\\\/www.bastiacalcio1924.it\\\/public\\\/2015\\\/09\\\/18\\\/borrelli-il-derby-segna-battistelli\\\/#primaryimage\"},\"thumbnailUrl\":\"http:\\\/\\\/www.bastia.it\\\/wp-content\\\/uploads\\\/2015\\\/09\\\/BORRELLI.png\",\"articleSection\":[\"Rassegna Stampa\"],\"inLanguage\":\"it-IT\",\"potentialAction\":[{\"@type\":\"CommentAction\",\"name\":\"Comment\",\"target\":[\"https:\\\/\\\/www.bastiacalcio1924.it\\\/public\\\/2015\\\/09\\\/18\\\/borrelli-il-derby-segna-battistelli\\\/#respond\"]}]},{\"@type\":\"WebPage\",\"@id\":\"https:\\\/\\\/www.bastiacalcio1924.it\\\/public\\\/2015\\\/09\\\/18\\\/borrelli-il-derby-segna-battistelli\\\/\",\"url\":\"https:\\\/\\\/www.bastiacalcio1924.it\\\/public\\\/2015\\\/09\\\/18\\\/borrelli-il-derby-segna-battistelli\\\/\",\"name\":\"Borrelli: \u00abIl derby? Segna Battistelli\u00bb - BASTIA CALCIO 1924\",\"isPartOf\":{\"@id\":\"https:\\\/\\\/www.bastiacalcio1924.it\\\/public\\\/#website\"},\"primaryImageOfPage\":{\"@id\":\"https:\\\/\\\/www.bastiacalcio1924.it\\\/public\\\/2015\\\/09\\\/18\\\/borrelli-il-derby-segna-battistelli\\\/#primaryimage\"},\"image\":{\"@id\":\"https:\\\/\\\/www.bastiacalcio1924.it\\\/public\\\/2015\\\/09\\\/18\\\/borrelli-il-derby-segna-battistelli\\\/#primaryimage\"},\"thumbnailUrl\":\"http:\\\/\\\/www.bastia.it\\\/wp-content\\\/uploads\\\/2015\\\/09\\\/BORRELLI.png\",\"datePublished\":\"2015-09-18T10:45:26+00:00\",\"dateModified\":\"2015-09-18T10:45:59+00:00\",\"breadcrumb\":{\"@id\":\"https:\\\/\\\/www.bastiacalcio1924.it\\\/public\\\/2015\\\/09\\\/18\\\/borrelli-il-derby-segna-battistelli\\\/#breadcrumb\"},\"inLanguage\":\"it-IT\",\"potentialAction\":[{\"@type\":\"ReadAction\",\"target\":[\"https:\\\/\\\/www.bastiacalcio1924.it\\\/public\\\/2015\\\/09\\\/18\\\/borrelli-il-derby-segna-battistelli\\\/\"]}]},{\"@type\":\"ImageObject\",\"inLanguage\":\"it-IT\",\"@id\":\"https:\\\/\\\/www.bastiacalcio1924.it\\\/public\\\/2015\\\/09\\\/18\\\/borrelli-il-derby-segna-battistelli\\\/#primaryimage\",\"url\":\"http:\\\/\\\/www.bastia.it\\\/wp-content\\\/uploads\\\/2015\\\/09\\\/BORRELLI.png\",\"contentUrl\":\"http:\\\/\\\/www.bastia.it\\\/wp-content\\\/uploads\\\/2015\\\/09\\\/BORRELLI.png\"},{\"@type\":\"BreadcrumbList\",\"@id\":\"https:\\\/\\\/www.bastiacalcio1924.it\\\/public\\\/2015\\\/09\\\/18\\\/borrelli-il-derby-segna-battistelli\\\/#breadcrumb\",\"itemListElement\":[{\"@type\":\"ListItem\",\"position\":1,\"name\":\"Home\",\"item\":\"https:\\\/\\\/www.bastiacalcio1924.it\\\/public\\\/\"},{\"@type\":\"ListItem\",\"position\":2,\"name\":\"Borrelli: \u00abIl derby? Segna Battistelli\u00bb\"}]},{\"@type\":\"WebSite\",\"@id\":\"https:\\\/\\\/www.bastiacalcio1924.it\\\/public\\\/#website\",\"url\":\"https:\\\/\\\/www.bastiacalcio1924.it\\\/public\\\/\",\"name\":\"BASTIA CALCIO 1924\",\"description\":\"\",\"publisher\":{\"@id\":\"https:\\\/\\\/www.bastiacalcio1924.it\\\/public\\\/#organization\"},\"potentialAction\":[{\"@type\":\"SearchAction\",\"target\":{\"@type\":\"EntryPoint\",\"urlTemplate\":\"https:\\\/\\\/www.bastiacalcio1924.it\\\/public\\\/?s={search_term_string}\"},\"query-input\":{\"@type\":\"PropertyValueSpecification\",\"valueRequired\":true,\"valueName\":\"search_term_string\"}}],\"inLanguage\":\"it-IT\"},{\"@type\":\"Organization\",\"@id\":\"https:\\\/\\\/www.bastiacalcio1924.it\\\/public\\\/#organization\",\"name\":\"BASTIA CALCIO 1924\",\"url\":\"https:\\\/\\\/www.bastiacalcio1924.it\\\/public\\\/\",\"logo\":{\"@type\":\"ImageObject\",\"inLanguage\":\"it-IT\",\"@id\":\"https:\\\/\\\/www.bastiacalcio1924.it\\\/public\\\/#\\\/schema\\\/logo\\\/image\\\/\",\"url\":\"https:\\\/\\\/www.bastiacalcio1924.it\\\/public\\\/wp-content\\\/uploads\\\/2023\\\/08\\\/cropped-LOGO_100ANNI_REV2_bib_RIDOTTO_QUADRATO_512i.png\",\"contentUrl\":\"https:\\\/\\\/www.bastiacalcio1924.it\\\/public\\\/wp-content\\\/uploads\\\/2023\\\/08\\\/cropped-LOGO_100ANNI_REV2_bib_RIDOTTO_QUADRATO_512i.png\",\"width\":512,\"height\":512,\"caption\":\"BASTIA CALCIO 1924\"},\"image\":{\"@id\":\"https:\\\/\\\/www.bastiacalcio1924.it\\\/public\\\/#\\\/schema\\\/logo\\\/image\\\/\"}},{\"@type\":\"Person\",\"@id\":\"https:\\\/\\\/www.bastiacalcio1924.it\\\/public\\\/#\\\/schema\\\/person\\\/0a1a81b524b5e9623fa7be23669b181e\",\"name\":\"Paolo Betti\",\"image\":{\"@type\":\"ImageObject\",\"inLanguage\":\"it-IT\",\"@id\":\"https:\\\/\\\/secure.gravatar.com\\\/avatar\\\/87040398117de247b254482d36fb94e854c830fecb785fe7b5de726c344cad78?s=96&d=mm&r=g\",\"url\":\"https:\\\/\\\/secure.gravatar.com\\\/avatar\\\/87040398117de247b254482d36fb94e854c830fecb785fe7b5de726c344cad78?s=96&d=mm&r=g\",\"contentUrl\":\"https:\\\/\\\/secure.gravatar.com\\\/avatar\\\/87040398117de247b254482d36fb94e854c830fecb785fe7b5de726c344cad78?s=96&d=mm&r=g\",\"caption\":\"Paolo Betti\"},\"url\":\"https:\\\/\\\/www.bastiacalcio1924.it\\\/public\\\/author\\\/admin\\\/\"}]}<\/script>\r\n<!-- \/ Yoast SEO plugin. -->","yoast_head_json":{"title":"Borrelli: \u00abIl derby? Segna Battistelli\u00bb - BASTIA CALCIO 1924","robots":{"index":"index","follow":"follow","max-snippet":"max-snippet:-1","max-image-preview":"max-image-preview:large","max-video-preview":"max-video-preview:-1"},"canonical":"https:\/\/www.bastiacalcio1924.it\/public\/2015\/09\/18\/borrelli-il-derby-segna-battistelli\/","og_locale":"it_IT","og_type":"article","og_title":"Borrelli: \u00abIl derby? Segna Battistelli\u00bb - BASTIA CALCIO 1924","og_description":"Domenica l\u2019Angelana ospita il Bastia. Il puntero dice la sua da doppio ex di NICOLA AGOSTINI PERUGIA \u2013 \u00abAngelana-Bastia? E non \u00e8 mica cos\u00ec facile. A Bastia ho vinto un campionato. Ho tuttora un rapporto bellissimo con i tifosi e con tanti amici bastioli. A Santa Maria degli Angeli, nonostante quattro mesi balordi per via [&hellip;]","og_url":"https:\/\/www.bastiacalcio1924.it\/public\/2015\/09\/18\/borrelli-il-derby-segna-battistelli\/","og_site_name":"BASTIA CALCIO 1924","article_published_time":"2015-09-18T10:45:26+00:00","article_modified_time":"2015-09-18T10:45:59+00:00","og_image":[{"url":"http:\/\/www.bastia.it\/wp-content\/uploads\/2015\/09\/BORRELLI.png","type":"","width":"","height":""}],"author":"Paolo Betti","twitter_misc":{"Scritto da":"Paolo Betti","Tempo di lettura stimato":"2 minuti"},"schema":{"@context":"https:\/\/schema.org","@graph":[{"@type":"Article","@id":"https:\/\/www.bastiacalcio1924.it\/public\/2015\/09\/18\/borrelli-il-derby-segna-battistelli\/#article","isPartOf":{"@id":"https:\/\/www.bastiacalcio1924.it\/public\/2015\/09\/18\/borrelli-il-derby-segna-battistelli\/"},"author":{"name":"Paolo Betti","@id":"https:\/\/www.bastiacalcio1924.it\/public\/#\/schema\/person\/0a1a81b524b5e9623fa7be23669b181e"},"headline":"Borrelli: \u00abIl derby? Segna Battistelli\u00bb","datePublished":"2015-09-18T10:45:26+00:00","dateModified":"2015-09-18T10:45:59+00:00","mainEntityOfPage":{"@id":"https:\/\/www.bastiacalcio1924.it\/public\/2015\/09\/18\/borrelli-il-derby-segna-battistelli\/"},"wordCount":366,"commentCount":0,"publisher":{"@id":"https:\/\/www.bastiacalcio1924.it\/public\/#organization"},"image":{"@id":"https:\/\/www.bastiacalcio1924.it\/public\/2015\/09\/18\/borrelli-il-derby-segna-battistelli\/#primaryimage"},"thumbnailUrl":"http:\/\/www.bastia.it\/wp-content\/uploads\/2015\/09\/BORRELLI.png","articleSection":["Rassegna Stampa"],"inLanguage":"it-IT","potentialAction":[{"@type":"CommentAction","name":"Comment","target":["https:\/\/www.bastiacalcio1924.it\/public\/2015\/09\/18\/borrelli-il-derby-segna-battistelli\/#respond"]}]},{"@type":"WebPage","@id":"https:\/\/www.bastiacalcio1924.it\/public\/2015\/09\/18\/borrelli-il-derby-segna-battistelli\/","url":"https:\/\/www.bastiacalcio1924.it\/public\/2015\/09\/18\/borrelli-il-derby-segna-battistelli\/","name":"Borrelli: \u00abIl derby? Segna Battistelli\u00bb - BASTIA CALCIO 1924","isPartOf":{"@id":"https:\/\/www.bastiacalcio1924.it\/public\/#website"},"primaryImageOfPage":{"@id":"https:\/\/www.bastiacalcio1924.it\/public\/2015\/09\/18\/borrelli-il-derby-segna-battistelli\/#primaryimage"},"image":{"@id":"https:\/\/www.bastiacalcio1924.it\/public\/2015\/09\/18\/borrelli-il-derby-segna-battistelli\/#primaryimage"},"thumbnailUrl":"http:\/\/www.bastia.it\/wp-content\/uploads\/2015\/09\/BORRELLI.png","datePublished":"2015-09-18T10:45:26+00:00","dateModified":"2015-09-18T10:45:59+00:00","breadcrumb":{"@id":"https:\/\/www.bastiacalcio1924.it\/public\/2015\/09\/18\/borrelli-il-derby-segna-battistelli\/#breadcrumb"},"inLanguage":"it-IT","potentialAction":[{"@type":"ReadAction","target":["https:\/\/www.bastiacalcio1924.it\/public\/2015\/09\/18\/borrelli-il-derby-segna-battistelli\/"]}]},{"@type":"ImageObject","inLanguage":"it-IT","@id":"https:\/\/www.bastiacalcio1924.it\/public\/2015\/09\/18\/borrelli-il-derby-segna-battistelli\/#primaryimage","url":"http:\/\/www.bastia.it\/wp-content\/uploads\/2015\/09\/BORRELLI.png","contentUrl":"http:\/\/www.bastia.it\/wp-content\/uploads\/2015\/09\/BORRELLI.png"},{"@type":"BreadcrumbList","@id":"https:\/\/www.bastiacalcio1924.it\/public\/2015\/09\/18\/borrelli-il-derby-segna-battistelli\/#breadcrumb","itemListElement":[{"@type":"ListItem","position":1,"name":"Home","item":"https:\/\/www.bastiacalcio1924.it\/public\/"},{"@type":"ListItem","position":2,"name":"Borrelli: \u00abIl derby? Segna Battistelli\u00bb"}]},{"@type":"WebSite","@id":"https:\/\/www.bastiacalcio1924.it\/public\/#website","url":"https:\/\/www.bastiacalcio1924.it\/public\/","name":"BASTIA CALCIO 1924","description":"","publisher":{"@id":"https:\/\/www.bastiacalcio1924.it\/public\/#organization"},"potentialAction":[{"@type":"SearchAction","target":{"@type":"EntryPoint","urlTemplate":"https:\/\/www.bastiacalcio1924.it\/public\/?s={search_term_string}"},"query-input":{"@type":"PropertyValueSpecification","valueRequired":true,"valueName":"search_term_string"}}],"inLanguage":"it-IT"},{"@type":"Organization","@id":"https:\/\/www.bastiacalcio1924.it\/public\/#organization","name":"BASTIA CALCIO 1924","url":"https:\/\/www.bastiacalcio1924.it\/public\/","logo":{"@type":"ImageObject","inLanguage":"it-IT","@id":"https:\/\/www.bastiacalcio1924.it\/public\/#\/schema\/logo\/image\/","url":"https:\/\/www.bastiacalcio1924.it\/public\/wp-content\/uploads\/2023\/08\/cropped-LOGO_100ANNI_REV2_bib_RIDOTTO_QUADRATO_512i.png","contentUrl":"https:\/\/www.bastiacalcio1924.it\/public\/wp-content\/uploads\/2023\/08\/cropped-LOGO_100ANNI_REV2_bib_RIDOTTO_QUADRATO_512i.png","width":512,"height":512,"caption":"BASTIA CALCIO 1924"},"image":{"@id":"https:\/\/www.bastiacalcio1924.it\/public\/#\/schema\/logo\/image\/"}},{"@type":"Person","@id":"https:\/\/www.bastiacalcio1924.it\/public\/#\/schema\/person\/0a1a81b524b5e9623fa7be23669b181e","name":"Paolo Betti","image":{"@type":"ImageObject","inLanguage":"it-IT","@id":"https:\/\/secure.gravatar.com\/avatar\/87040398117de247b254482d36fb94e854c830fecb785fe7b5de726c344cad78?s=96&d=mm&r=g","url":"https:\/\/secure.gravatar.com\/avatar\/87040398117de247b254482d36fb94e854c830fecb785fe7b5de726c344cad78?s=96&d=mm&r=g","contentUrl":"https:\/\/secure.gravatar.com\/avatar\/87040398117de247b254482d36fb94e854c830fecb785fe7b5de726c344cad78?s=96&d=mm&r=g","caption":"Paolo Betti"},"url":"https:\/\/www.bastiacalcio1924.it\/public\/author\/admin\/"}]}},"_links":{"self":[{"href":"https:\/\/www.bastiacalcio1924.it\/public\/wp-json\/wp\/v2\/posts\/1464","targetHints":{"allow":["GET"]}}],"collection":[{"href":"https:\/\/www.bastiacalcio1924.it\/public\/wp-json\/wp\/v2\/posts"}],"about":[{"href":"https:\/\/www.bastiacalcio1924.it\/public\/wp-json\/wp\/v2\/types\/post"}],"author":[{"embeddable":true,"href":"https:\/\/www.bastiacalcio1924.it\/public\/wp-json\/wp\/v2\/users\/1"}],"replies":[{"embeddable":true,"href":"https:\/\/www.bastiacalcio1924.it\/public\/wp-json\/wp\/v2\/comments?post=1464"}],"version-history":[{"count":1,"href":"https:\/\/www.bastiacalcio1924.it\/public\/wp-json\/wp\/v2\/posts\/1464\/revisions"}],"predecessor-version":[{"id":1465,"href":"https:\/\/www.bastiacalcio1924.it\/public\/wp-json\/wp\/v2\/posts\/1464\/revisions\/1465"}],"wp:attachment":[{"href":"https:\/\/www.bastiacalcio1924.it\/public\/wp-json\/wp\/v2\/media?parent=1464"}],"wp:term":[{"taxonomy":"category","embeddable":true,"href":"https:\/\/www.bastiacalcio1924.it\/public\/wp-json\/wp\/v2\/categories?post=1464"},{"taxonomy":"post_tag","embeddable":true,"href":"https:\/\/www.bastiacalcio1924.it\/public\/wp-json\/wp\/v2\/tags?post=1464"}],"curies":[{"name":"wp","href":"https:\/\/api.w.org\/{rel}","templated":true}]}}