{"id":1449,"date":"2015-09-08T08:38:09","date_gmt":"2015-09-08T06:38:09","guid":{"rendered":"http:\/\/www.acdbastia1924.it\/?p=1449"},"modified":"2015-09-08T08:38:09","modified_gmt":"2015-09-08T06:38:09","slug":"fastellini-affossa-un-buon-bastia","status":"publish","type":"post","link":"https:\/\/www.bastiacalcio1924.it\/public\/2015\/09\/08\/fastellini-affossa-un-buon-bastia\/","title":{"rendered":"Fastellini affossa un buon Bastia"},"content":{"rendered":"<header class=\"entry-header clearfix\">\n<h1 class=\"entry-title\"><\/h1>\n<\/header>\n<section class=\"entry-title\">\n<div class=\"pf-content\">\n<div class=\"articlePlainSubHead\"><strong><a href=\"http:\/\/www.bastia.it\/?attachment_id=74791\" rel=\"attachment wp-att-74791\"><img loading=\"lazy\" decoding=\"async\" class=\"alignleft  wp-image-74791\" src=\"http:\/\/www.bastia.it\/wp-content\/uploads\/2015\/08\/scapicchi2.png\" alt=\"scapicchi\" width=\"130\" height=\"120\" \/><\/a>Vittoria in casa Cannara esulta per il gol in apertura<\/strong><\/div>\n<div class=\"articlePlainText\"><strong>Cannara 1\u00a0Bastia\u00a00<\/strong><br \/>\n<strong>CANNARA<\/strong> (4-2-3-1): Bellucci 7; Gerarchini 6,5 (32\u2019st Gigliotti ng), Radicchi 6, Eramo 6,5, Bonciarelli 6; Fattorini 6, Ercolanoni 6,5; Anselmi 7 (22\u2019st Raccichini 6), Camilletti 6,5 (39\u2019st Ricciolini sv), Fastellini 7; Gammaidoni 6. A disp.: Battistelli, Bellomo, Bussolini, Drauli. All.: Vicarelli<br \/>\n<strong>BASTIA<\/strong> (4-2-3-1): Tajolini 6; Santini 6, Bistoni 6 (22\u2019st Colosimo 6,5), Cotroneo 6, Marini 6 (14\u2019st Marinelli 6); Fornetti 6 (35\u2019st Stirati sv), Marchetti 6; Storani 6, Manea 6, Battistelli 6; Menichini 6. A disp.: Ferroni, Mammoli, Ciccioli, Benedetti. All.: Scapicchi<br \/>\nArbitro: Serica di Terni 6,5<br \/>\nMarcatore: 8\u2019pt Fastellini<br \/>\nCannara -BUONA LA PRIMA per il Cannara che mette all\u2019angolo il Bastia, ancora troppo incompleto per essere vero. Il Canara \u00e8 partito forte, ha messo subito in gol e ha poi mantenuto il comando delle operazioni rischiando solo nel finale di gara. La prima frazione comincia di fatto con il gol dei padroni di casa e sull\u2019assist di Anselmi c\u2019\u00e8 il gran gol di Fastellini sul quale nulla pu\u00f2 Tajolini. E\u2019 un gol sul quale la squadra di Vicarelli costruir\u00e0 la sua bella vittoria che permette di partire nel migliore dei modi ad una squadra che si candida per un posto al sole, ovvero per i play off. Il Bastia accusa il colpo ma in qualche modo cerca di reagire, senza per\u00f2 riuscire ad impensierire per davvero Bellucci. Ad inizio ripresa poi il Cannara sfiora anche il raddoppio, con il solito Fastellini la cui conclusione violenta dalla distanza termina sull\u2019esterno della rete. Anche in questa fase il Cannara si fa preferire, ma il bastia da segni di vitalit\u00e0. E infatti proprio nella fase finale della gara i biancorossi mettono paura ai rossobl\u00f9 che ringraziano san Bellucci per due interventi da urlo. Il primo \u00e8 sull\u2019inzuccata di Colosimo al 36\u2019, la seconda appena due minuti pi\u00f9 tardi su Stirati la cui conclusione \u00e8 di quelle insidiose ma il numero uno cannarese si esalta e salva il risultato. Tre punti pesanti per il Cannara, una sconfitta alla fine amara per il Bastia che deve rinforzare la rosa ma che ha gi\u00e0 comunque elementi di un certo rilievo per poter affrontare la stagione con una certa tranquillit\u00e0.<\/div>\n<\/div>\n<\/section>\n","protected":false},"excerpt":{"rendered":"<p>Vittoria in casa Cannara esulta per il gol in apertura Cannara 1\u00a0Bastia\u00a00 CANNARA (4-2-3-1): Bellucci 7; Gerarchini 6,5 (32\u2019st Gigliotti ng), Radicchi 6, Eramo 6,5, Bonciarelli 6; Fattorini 6, Ercolanoni 6,5; Anselmi 7 (22\u2019st Raccichini 6), Camilletti 6,5 (39\u2019st Ricciolini sv), Fastellini 7; Gammaidoni 6. A disp.: Battistelli, Bellomo, Bussolini, Drauli. All.: Vicarelli BASTIA (4-2-3-1): [&hellip;]<\/p>\n","protected":false},"author":1,"featured_media":0,"comment_status":"open","ping_status":"closed","sticky":false,"template":"","format":"gallery","meta":{"_bbp_topic_count":0,"_bbp_reply_count":0,"_bbp_total_topic_count":0,"_bbp_total_reply_count":0,"_bbp_voice_count":0,"_bbp_anonymous_reply_count":0,"_bbp_topic_count_hidden":0,"_bbp_reply_count_hidden":0,"_bbp_forum_subforum_count":0,"_et_pb_use_builder":"","_et_pb_old_content":"","_et_gb_content_width":"","footnotes":""},"categories":[30],"tags":[],"class_list":["post-1449","post","type-post","status-publish","format-gallery","hentry","category-rassegna-stampa","post_format-post-format-gallery"],"yoast_head":"<!-- This site is optimized with the Yoast SEO plugin v27.4 - https:\/\/yoast.com\/product\/yoast-seo-wordpress\/ -->\r\n<title>Fastellini affossa un buon Bastia - BASTIA CALCIO 1924<\/title>\r\n<meta name=\"robots\" content=\"index, follow, max-snippet:-1, max-image-preview:large, max-video-preview:-1\" \/>\r\n<link rel=\"canonical\" href=\"https:\/\/www.bastiacalcio1924.it\/public\/2015\/09\/08\/fastellini-affossa-un-buon-bastia\/\" \/>\r\n<meta property=\"og:locale\" content=\"it_IT\" \/>\r\n<meta property=\"og:type\" content=\"article\" \/>\r\n<meta property=\"og:title\" content=\"Fastellini affossa un buon Bastia - BASTIA CALCIO 1924\" \/>\r\n<meta property=\"og:description\" content=\"Vittoria in casa Cannara esulta per il gol in apertura Cannara 1\u00a0Bastia\u00a00 CANNARA (4-2-3-1): Bellucci 7; Gerarchini 6,5 (32\u2019st Gigliotti ng), Radicchi 6, Eramo 6,5, Bonciarelli 6; Fattorini 6, Ercolanoni 6,5; Anselmi 7 (22\u2019st Raccichini 6), Camilletti 6,5 (39\u2019st Ricciolini sv), Fastellini 7; Gammaidoni 6. A disp.: Battistelli, Bellomo, Bussolini, Drauli. All.: Vicarelli BASTIA (4-2-3-1): [&hellip;]\" \/>\r\n<meta property=\"og:url\" content=\"https:\/\/www.bastiacalcio1924.it\/public\/2015\/09\/08\/fastellini-affossa-un-buon-bastia\/\" \/>\r\n<meta property=\"og:site_name\" content=\"BASTIA CALCIO 1924\" \/>\r\n<meta property=\"article:published_time\" content=\"2015-09-08T06:38:09+00:00\" \/>\r\n<meta property=\"og:image\" content=\"http:\/\/www.bastia.it\/wp-content\/uploads\/2015\/08\/scapicchi2.png\" \/>\r\n<meta name=\"author\" content=\"Paolo Betti\" \/>\r\n<meta name=\"twitter:label1\" content=\"Scritto da\" \/>\n\t<meta name=\"twitter:data1\" content=\"Paolo Betti\" \/>\n\t<meta name=\"twitter:label2\" content=\"Tempo di lettura stimato\" \/>\n\t<meta name=\"twitter:data2\" content=\"2 minuti\" \/>\r\n<script type=\"application\/ld+json\" class=\"yoast-schema-graph\">{\"@context\":\"https:\\\/\\\/schema.org\",\"@graph\":[{\"@type\":\"Article\",\"@id\":\"https:\\\/\\\/www.bastiacalcio1924.it\\\/public\\\/2015\\\/09\\\/08\\\/fastellini-affossa-un-buon-bastia\\\/#article\",\"isPartOf\":{\"@id\":\"https:\\\/\\\/www.bastiacalcio1924.it\\\/public\\\/2015\\\/09\\\/08\\\/fastellini-affossa-un-buon-bastia\\\/\"},\"author\":{\"name\":\"Paolo Betti\",\"@id\":\"https:\\\/\\\/www.bastiacalcio1924.it\\\/public\\\/#\\\/schema\\\/person\\\/0a1a81b524b5e9623fa7be23669b181e\"},\"headline\":\"Fastellini affossa un buon Bastia\",\"datePublished\":\"2015-09-08T06:38:09+00:00\",\"mainEntityOfPage\":{\"@id\":\"https:\\\/\\\/www.bastiacalcio1924.it\\\/public\\\/2015\\\/09\\\/08\\\/fastellini-affossa-un-buon-bastia\\\/\"},\"wordCount\":349,\"commentCount\":0,\"publisher\":{\"@id\":\"https:\\\/\\\/www.bastiacalcio1924.it\\\/public\\\/#organization\"},\"image\":{\"@id\":\"https:\\\/\\\/www.bastiacalcio1924.it\\\/public\\\/2015\\\/09\\\/08\\\/fastellini-affossa-un-buon-bastia\\\/#primaryimage\"},\"thumbnailUrl\":\"http:\\\/\\\/www.bastia.it\\\/wp-content\\\/uploads\\\/2015\\\/08\\\/scapicchi2.png\",\"articleSection\":[\"Rassegna Stampa\"],\"inLanguage\":\"it-IT\",\"potentialAction\":[{\"@type\":\"CommentAction\",\"name\":\"Comment\",\"target\":[\"https:\\\/\\\/www.bastiacalcio1924.it\\\/public\\\/2015\\\/09\\\/08\\\/fastellini-affossa-un-buon-bastia\\\/#respond\"]}]},{\"@type\":\"WebPage\",\"@id\":\"https:\\\/\\\/www.bastiacalcio1924.it\\\/public\\\/2015\\\/09\\\/08\\\/fastellini-affossa-un-buon-bastia\\\/\",\"url\":\"https:\\\/\\\/www.bastiacalcio1924.it\\\/public\\\/2015\\\/09\\\/08\\\/fastellini-affossa-un-buon-bastia\\\/\",\"name\":\"Fastellini affossa un buon Bastia - BASTIA CALCIO 1924\",\"isPartOf\":{\"@id\":\"https:\\\/\\\/www.bastiacalcio1924.it\\\/public\\\/#website\"},\"primaryImageOfPage\":{\"@id\":\"https:\\\/\\\/www.bastiacalcio1924.it\\\/public\\\/2015\\\/09\\\/08\\\/fastellini-affossa-un-buon-bastia\\\/#primaryimage\"},\"image\":{\"@id\":\"https:\\\/\\\/www.bastiacalcio1924.it\\\/public\\\/2015\\\/09\\\/08\\\/fastellini-affossa-un-buon-bastia\\\/#primaryimage\"},\"thumbnailUrl\":\"http:\\\/\\\/www.bastia.it\\\/wp-content\\\/uploads\\\/2015\\\/08\\\/scapicchi2.png\",\"datePublished\":\"2015-09-08T06:38:09+00:00\",\"breadcrumb\":{\"@id\":\"https:\\\/\\\/www.bastiacalcio1924.it\\\/public\\\/2015\\\/09\\\/08\\\/fastellini-affossa-un-buon-bastia\\\/#breadcrumb\"},\"inLanguage\":\"it-IT\",\"potentialAction\":[{\"@type\":\"ReadAction\",\"target\":[\"https:\\\/\\\/www.bastiacalcio1924.it\\\/public\\\/2015\\\/09\\\/08\\\/fastellini-affossa-un-buon-bastia\\\/\"]}]},{\"@type\":\"ImageObject\",\"inLanguage\":\"it-IT\",\"@id\":\"https:\\\/\\\/www.bastiacalcio1924.it\\\/public\\\/2015\\\/09\\\/08\\\/fastellini-affossa-un-buon-bastia\\\/#primaryimage\",\"url\":\"http:\\\/\\\/www.bastia.it\\\/wp-content\\\/uploads\\\/2015\\\/08\\\/scapicchi2.png\",\"contentUrl\":\"http:\\\/\\\/www.bastia.it\\\/wp-content\\\/uploads\\\/2015\\\/08\\\/scapicchi2.png\"},{\"@type\":\"BreadcrumbList\",\"@id\":\"https:\\\/\\\/www.bastiacalcio1924.it\\\/public\\\/2015\\\/09\\\/08\\\/fastellini-affossa-un-buon-bastia\\\/#breadcrumb\",\"itemListElement\":[{\"@type\":\"ListItem\",\"position\":1,\"name\":\"Home\",\"item\":\"https:\\\/\\\/www.bastiacalcio1924.it\\\/public\\\/\"},{\"@type\":\"ListItem\",\"position\":2,\"name\":\"Fastellini affossa un buon Bastia\"}]},{\"@type\":\"WebSite\",\"@id\":\"https:\\\/\\\/www.bastiacalcio1924.it\\\/public\\\/#website\",\"url\":\"https:\\\/\\\/www.bastiacalcio1924.it\\\/public\\\/\",\"name\":\"BASTIA CALCIO 1924\",\"description\":\"\",\"publisher\":{\"@id\":\"https:\\\/\\\/www.bastiacalcio1924.it\\\/public\\\/#organization\"},\"potentialAction\":[{\"@type\":\"SearchAction\",\"target\":{\"@type\":\"EntryPoint\",\"urlTemplate\":\"https:\\\/\\\/www.bastiacalcio1924.it\\\/public\\\/?s={search_term_string}\"},\"query-input\":{\"@type\":\"PropertyValueSpecification\",\"valueRequired\":true,\"valueName\":\"search_term_string\"}}],\"inLanguage\":\"it-IT\"},{\"@type\":\"Organization\",\"@id\":\"https:\\\/\\\/www.bastiacalcio1924.it\\\/public\\\/#organization\",\"name\":\"BASTIA CALCIO 1924\",\"url\":\"https:\\\/\\\/www.bastiacalcio1924.it\\\/public\\\/\",\"logo\":{\"@type\":\"ImageObject\",\"inLanguage\":\"it-IT\",\"@id\":\"https:\\\/\\\/www.bastiacalcio1924.it\\\/public\\\/#\\\/schema\\\/logo\\\/image\\\/\",\"url\":\"https:\\\/\\\/www.bastiacalcio1924.it\\\/public\\\/wp-content\\\/uploads\\\/2023\\\/08\\\/cropped-LOGO_100ANNI_REV2_bib_RIDOTTO_QUADRATO_512i.png\",\"contentUrl\":\"https:\\\/\\\/www.bastiacalcio1924.it\\\/public\\\/wp-content\\\/uploads\\\/2023\\\/08\\\/cropped-LOGO_100ANNI_REV2_bib_RIDOTTO_QUADRATO_512i.png\",\"width\":512,\"height\":512,\"caption\":\"BASTIA CALCIO 1924\"},\"image\":{\"@id\":\"https:\\\/\\\/www.bastiacalcio1924.it\\\/public\\\/#\\\/schema\\\/logo\\\/image\\\/\"}},{\"@type\":\"Person\",\"@id\":\"https:\\\/\\\/www.bastiacalcio1924.it\\\/public\\\/#\\\/schema\\\/person\\\/0a1a81b524b5e9623fa7be23669b181e\",\"name\":\"Paolo Betti\",\"image\":{\"@type\":\"ImageObject\",\"inLanguage\":\"it-IT\",\"@id\":\"https:\\\/\\\/secure.gravatar.com\\\/avatar\\\/87040398117de247b254482d36fb94e854c830fecb785fe7b5de726c344cad78?s=96&d=mm&r=g\",\"url\":\"https:\\\/\\\/secure.gravatar.com\\\/avatar\\\/87040398117de247b254482d36fb94e854c830fecb785fe7b5de726c344cad78?s=96&d=mm&r=g\",\"contentUrl\":\"https:\\\/\\\/secure.gravatar.com\\\/avatar\\\/87040398117de247b254482d36fb94e854c830fecb785fe7b5de726c344cad78?s=96&d=mm&r=g\",\"caption\":\"Paolo Betti\"},\"url\":\"https:\\\/\\\/www.bastiacalcio1924.it\\\/public\\\/author\\\/admin\\\/\"}]}<\/script>\r\n<!-- \/ Yoast SEO plugin. -->","yoast_head_json":{"title":"Fastellini affossa un buon Bastia - BASTIA CALCIO 1924","robots":{"index":"index","follow":"follow","max-snippet":"max-snippet:-1","max-image-preview":"max-image-preview:large","max-video-preview":"max-video-preview:-1"},"canonical":"https:\/\/www.bastiacalcio1924.it\/public\/2015\/09\/08\/fastellini-affossa-un-buon-bastia\/","og_locale":"it_IT","og_type":"article","og_title":"Fastellini affossa un buon Bastia - BASTIA CALCIO 1924","og_description":"Vittoria in casa Cannara esulta per il gol in apertura Cannara 1\u00a0Bastia\u00a00 CANNARA (4-2-3-1): Bellucci 7; Gerarchini 6,5 (32\u2019st Gigliotti ng), Radicchi 6, Eramo 6,5, Bonciarelli 6; Fattorini 6, Ercolanoni 6,5; Anselmi 7 (22\u2019st Raccichini 6), Camilletti 6,5 (39\u2019st Ricciolini sv), Fastellini 7; Gammaidoni 6. A disp.: Battistelli, Bellomo, Bussolini, Drauli. All.: Vicarelli BASTIA (4-2-3-1): [&hellip;]","og_url":"https:\/\/www.bastiacalcio1924.it\/public\/2015\/09\/08\/fastellini-affossa-un-buon-bastia\/","og_site_name":"BASTIA CALCIO 1924","article_published_time":"2015-09-08T06:38:09+00:00","og_image":[{"url":"http:\/\/www.bastia.it\/wp-content\/uploads\/2015\/08\/scapicchi2.png","type":"","width":"","height":""}],"author":"Paolo Betti","twitter_misc":{"Scritto da":"Paolo Betti","Tempo di lettura stimato":"2 minuti"},"schema":{"@context":"https:\/\/schema.org","@graph":[{"@type":"Article","@id":"https:\/\/www.bastiacalcio1924.it\/public\/2015\/09\/08\/fastellini-affossa-un-buon-bastia\/#article","isPartOf":{"@id":"https:\/\/www.bastiacalcio1924.it\/public\/2015\/09\/08\/fastellini-affossa-un-buon-bastia\/"},"author":{"name":"Paolo Betti","@id":"https:\/\/www.bastiacalcio1924.it\/public\/#\/schema\/person\/0a1a81b524b5e9623fa7be23669b181e"},"headline":"Fastellini affossa un buon Bastia","datePublished":"2015-09-08T06:38:09+00:00","mainEntityOfPage":{"@id":"https:\/\/www.bastiacalcio1924.it\/public\/2015\/09\/08\/fastellini-affossa-un-buon-bastia\/"},"wordCount":349,"commentCount":0,"publisher":{"@id":"https:\/\/www.bastiacalcio1924.it\/public\/#organization"},"image":{"@id":"https:\/\/www.bastiacalcio1924.it\/public\/2015\/09\/08\/fastellini-affossa-un-buon-bastia\/#primaryimage"},"thumbnailUrl":"http:\/\/www.bastia.it\/wp-content\/uploads\/2015\/08\/scapicchi2.png","articleSection":["Rassegna Stampa"],"inLanguage":"it-IT","potentialAction":[{"@type":"CommentAction","name":"Comment","target":["https:\/\/www.bastiacalcio1924.it\/public\/2015\/09\/08\/fastellini-affossa-un-buon-bastia\/#respond"]}]},{"@type":"WebPage","@id":"https:\/\/www.bastiacalcio1924.it\/public\/2015\/09\/08\/fastellini-affossa-un-buon-bastia\/","url":"https:\/\/www.bastiacalcio1924.it\/public\/2015\/09\/08\/fastellini-affossa-un-buon-bastia\/","name":"Fastellini affossa un buon Bastia - BASTIA CALCIO 1924","isPartOf":{"@id":"https:\/\/www.bastiacalcio1924.it\/public\/#website"},"primaryImageOfPage":{"@id":"https:\/\/www.bastiacalcio1924.it\/public\/2015\/09\/08\/fastellini-affossa-un-buon-bastia\/#primaryimage"},"image":{"@id":"https:\/\/www.bastiacalcio1924.it\/public\/2015\/09\/08\/fastellini-affossa-un-buon-bastia\/#primaryimage"},"thumbnailUrl":"http:\/\/www.bastia.it\/wp-content\/uploads\/2015\/08\/scapicchi2.png","datePublished":"2015-09-08T06:38:09+00:00","breadcrumb":{"@id":"https:\/\/www.bastiacalcio1924.it\/public\/2015\/09\/08\/fastellini-affossa-un-buon-bastia\/#breadcrumb"},"inLanguage":"it-IT","potentialAction":[{"@type":"ReadAction","target":["https:\/\/www.bastiacalcio1924.it\/public\/2015\/09\/08\/fastellini-affossa-un-buon-bastia\/"]}]},{"@type":"ImageObject","inLanguage":"it-IT","@id":"https:\/\/www.bastiacalcio1924.it\/public\/2015\/09\/08\/fastellini-affossa-un-buon-bastia\/#primaryimage","url":"http:\/\/www.bastia.it\/wp-content\/uploads\/2015\/08\/scapicchi2.png","contentUrl":"http:\/\/www.bastia.it\/wp-content\/uploads\/2015\/08\/scapicchi2.png"},{"@type":"BreadcrumbList","@id":"https:\/\/www.bastiacalcio1924.it\/public\/2015\/09\/08\/fastellini-affossa-un-buon-bastia\/#breadcrumb","itemListElement":[{"@type":"ListItem","position":1,"name":"Home","item":"https:\/\/www.bastiacalcio1924.it\/public\/"},{"@type":"ListItem","position":2,"name":"Fastellini affossa un buon Bastia"}]},{"@type":"WebSite","@id":"https:\/\/www.bastiacalcio1924.it\/public\/#website","url":"https:\/\/www.bastiacalcio1924.it\/public\/","name":"BASTIA CALCIO 1924","description":"","publisher":{"@id":"https:\/\/www.bastiacalcio1924.it\/public\/#organization"},"potentialAction":[{"@type":"SearchAction","target":{"@type":"EntryPoint","urlTemplate":"https:\/\/www.bastiacalcio1924.it\/public\/?s={search_term_string}"},"query-input":{"@type":"PropertyValueSpecification","valueRequired":true,"valueName":"search_term_string"}}],"inLanguage":"it-IT"},{"@type":"Organization","@id":"https:\/\/www.bastiacalcio1924.it\/public\/#organization","name":"BASTIA CALCIO 1924","url":"https:\/\/www.bastiacalcio1924.it\/public\/","logo":{"@type":"ImageObject","inLanguage":"it-IT","@id":"https:\/\/www.bastiacalcio1924.it\/public\/#\/schema\/logo\/image\/","url":"https:\/\/www.bastiacalcio1924.it\/public\/wp-content\/uploads\/2023\/08\/cropped-LOGO_100ANNI_REV2_bib_RIDOTTO_QUADRATO_512i.png","contentUrl":"https:\/\/www.bastiacalcio1924.it\/public\/wp-content\/uploads\/2023\/08\/cropped-LOGO_100ANNI_REV2_bib_RIDOTTO_QUADRATO_512i.png","width":512,"height":512,"caption":"BASTIA CALCIO 1924"},"image":{"@id":"https:\/\/www.bastiacalcio1924.it\/public\/#\/schema\/logo\/image\/"}},{"@type":"Person","@id":"https:\/\/www.bastiacalcio1924.it\/public\/#\/schema\/person\/0a1a81b524b5e9623fa7be23669b181e","name":"Paolo Betti","image":{"@type":"ImageObject","inLanguage":"it-IT","@id":"https:\/\/secure.gravatar.com\/avatar\/87040398117de247b254482d36fb94e854c830fecb785fe7b5de726c344cad78?s=96&d=mm&r=g","url":"https:\/\/secure.gravatar.com\/avatar\/87040398117de247b254482d36fb94e854c830fecb785fe7b5de726c344cad78?s=96&d=mm&r=g","contentUrl":"https:\/\/secure.gravatar.com\/avatar\/87040398117de247b254482d36fb94e854c830fecb785fe7b5de726c344cad78?s=96&d=mm&r=g","caption":"Paolo Betti"},"url":"https:\/\/www.bastiacalcio1924.it\/public\/author\/admin\/"}]}},"_links":{"self":[{"href":"https:\/\/www.bastiacalcio1924.it\/public\/wp-json\/wp\/v2\/posts\/1449","targetHints":{"allow":["GET"]}}],"collection":[{"href":"https:\/\/www.bastiacalcio1924.it\/public\/wp-json\/wp\/v2\/posts"}],"about":[{"href":"https:\/\/www.bastiacalcio1924.it\/public\/wp-json\/wp\/v2\/types\/post"}],"author":[{"embeddable":true,"href":"https:\/\/www.bastiacalcio1924.it\/public\/wp-json\/wp\/v2\/users\/1"}],"replies":[{"embeddable":true,"href":"https:\/\/www.bastiacalcio1924.it\/public\/wp-json\/wp\/v2\/comments?post=1449"}],"version-history":[{"count":1,"href":"https:\/\/www.bastiacalcio1924.it\/public\/wp-json\/wp\/v2\/posts\/1449\/revisions"}],"predecessor-version":[{"id":1450,"href":"https:\/\/www.bastiacalcio1924.it\/public\/wp-json\/wp\/v2\/posts\/1449\/revisions\/1450"}],"wp:attachment":[{"href":"https:\/\/www.bastiacalcio1924.it\/public\/wp-json\/wp\/v2\/media?parent=1449"}],"wp:term":[{"taxonomy":"category","embeddable":true,"href":"https:\/\/www.bastiacalcio1924.it\/public\/wp-json\/wp\/v2\/categories?post=1449"},{"taxonomy":"post_tag","embeddable":true,"href":"https:\/\/www.bastiacalcio1924.it\/public\/wp-json\/wp\/v2\/tags?post=1449"}],"curies":[{"name":"wp","href":"https:\/\/api.w.org\/{rel}","templated":true}]}}