{"id":1376,"date":"2015-08-20T12:40:12","date_gmt":"2015-08-20T10:40:12","guid":{"rendered":"http:\/\/www.acdbastia1924.it\/?p=1376"},"modified":"2015-08-20T12:41:00","modified_gmt":"2015-08-20T10:41:00","slug":"il-bastia-2-0-e-pronto-a-stupire","status":"publish","type":"post","link":"https:\/\/www.bastiacalcio1924.it\/public\/2015\/08\/20\/il-bastia-2-0-e-pronto-a-stupire\/","title":{"rendered":"Il Bastia 2.0 \u00e8 pronto a stupire"},"content":{"rendered":"<p><a href=\"http:\/\/www.acdbastia1924.it\/wp-content\/uploads\/2015\/08\/scapicchi.png\"><img loading=\"lazy\" decoding=\"async\" class=\"alignleft size-full wp-image-1377\" src=\"http:\/\/www.acdbastia1924.it\/wp-content\/uploads\/2015\/08\/scapicchi.png\" alt=\"scapicchi\" width=\"235\" height=\"178\" \/><\/a><\/p>\n<p>&nbsp;<\/p>\n<p>&nbsp;<\/p>\n<header class=\"entry-header clearfix\">\n<h1 class=\"entry-title\"><\/h1>\n<div class=\"entry-meta clearfix\"><\/div>\n<\/header>\n<section class=\"entry-title\">\n<div class=\"pf-content\">\n<h5><strong><span style=\"color: #0000ff;\"><em>Mister Scapicchi<\/em><\/span><\/strong><\/h5>\n<p>&nbsp;<\/p>\n<h3><em><span style=\"color: #800000;\"><strong>Il Bastia 2.0 \u00e8 pronto a stupire<\/strong><\/span><\/em><\/h3>\n<p><strong>Eccellenza Domenica esordio stagionale contro il Torgiano di Trabalza. Menichini \u00e8 il bomber che mancava<\/strong><\/p>\n<p><strong>La formazione di Scapicchi vuole dimenticare un\u2019annata disgraziata<\/strong><\/p>\n<p>di Alberto Marino<\/p>\n<p>BASTIA UMBRA \u2013 Ripartire per cancellare una stagione disastrosa. Risalire dall\u2019inferno di un umiliante ultimo posto, delle tensioni e dei malumori, delle tante facce passate dal Comunale senza lasciare il segno, delle intricate situazioni societarie.Riprendersi,magari,una serie D che il Bastia della vecchia stagione non si \u00e8 mai goduto.Queste le parole d\u2019ordine per i biancorossi, che esordiranno ufficialmente domenica 23 in Coppa Italia contro il Torgiano: prevista poi per il 26 la trasferta infrasettimanale a San Sisto e l\u2019ultima, in casa con il Castel del Piano, sar\u00e0 il 30 di questo mese. Squadra rinnovata gi\u00e0 a partire da un giovane mister Michele Scapicchi, primo volto nuovo del Bastia, ed accanto a lui nuovi protagonisti, innesti importanti come Paolo Cotroneo, centrale di difesa ex Foligno e Gualdo Casacastalda; Daniele Fornetti (38 anni a dicembre), gi\u00e0 compagno di Scapicchi a Foligno, arrivato dal Todi; ma soprattutto un bomber di razza, che al Bastia \u00e8 mancato, come Menichini (alla Nestor la passata stagione), gi\u00e0 a segno in questo precampionato contro San Marco Juventina e con la doppietta al Pontevalleceppi. Oltre ai nuovissimi profili, Bartolucci e Mammoli si sono assicurati importanti ritorni come Francesco Panzolini e Michele Battistelli, ma anche un Emanuele Ciccioli completamente recuperato dai problemi fisici dell\u2019ultimo campionato e Alessandro Colosimo, che dopo due stagioni in Calabria vestir\u00e0 la maglia biancorossa. Poche ma importanti le conferme rispetto alla stagione passata: capitan Marchetti e il numero 1 Stefano Tajolini, oltre al gi\u00e0 citato Ciccioli, Stirati e Bellucci. Accanto ai big,infine, tanti giovani fuori quota di valore, soprattutto esterni di difesa (ben 4:Mammoli, Ceccarelli, Marini e Santini), con Lombardi e Manea davanti. Eterogenea, completa, competitiva, dunque, la rosa di un Bastia 2.0 che non ha pi\u00f9 alcuna intenzione di scherzare e che arriva ai nastri di partenza con una vittoria ed un pareggio, rispettivamente 3-1 contro il Pontevalleceppi (Menichini, Battistelli, Menichini) e 1-1 contro la San Marco Juventina (Menichini), e che si prepara all\u2019ultimo test di mercoled\u00ec contro il Pontevilla al Comunale. E con il suo 4-2-3-1 mister Scapicchi \u00e8 pronto a stupire, per recuperare la fiducia dei tifosi e, soprattutto, per riprendersi ci\u00f2 che l\u2019anno passato \u00e8 sfuggito dalle mani in malo modo. Ma ora basta guardarsi indietro: domenica si inizia!<\/p>\n<\/div>\n<\/section>\n","protected":false},"excerpt":{"rendered":"<p>&nbsp; &nbsp; Mister Scapicchi &nbsp; Il Bastia 2.0 \u00e8 pronto a stupire Eccellenza Domenica esordio stagionale contro il Torgiano di Trabalza. Menichini \u00e8 il bomber che mancava La formazione di Scapicchi vuole dimenticare un\u2019annata disgraziata di Alberto Marino BASTIA UMBRA \u2013 Ripartire per cancellare una stagione disastrosa. Risalire dall\u2019inferno di un umiliante ultimo posto, delle [&hellip;]<\/p>\n","protected":false},"author":1,"featured_media":0,"comment_status":"closed","ping_status":"closed","sticky":false,"template":"","format":"gallery","meta":{"_bbp_topic_count":0,"_bbp_reply_count":0,"_bbp_total_topic_count":0,"_bbp_total_reply_count":0,"_bbp_voice_count":0,"_bbp_anonymous_reply_count":0,"_bbp_topic_count_hidden":0,"_bbp_reply_count_hidden":0,"_bbp_forum_subforum_count":0,"_et_pb_use_builder":"","_et_pb_old_content":"","_et_gb_content_width":"","footnotes":""},"categories":[30],"tags":[],"class_list":["post-1376","post","type-post","status-publish","format-gallery","hentry","category-rassegna-stampa","post_format-post-format-gallery"],"yoast_head":"<!-- This site is optimized with the Yoast SEO plugin v27.4 - https:\/\/yoast.com\/product\/yoast-seo-wordpress\/ -->\r\n<title>Il Bastia 2.0 \u00e8 pronto a stupire - BASTIA CALCIO 1924<\/title>\r\n<meta name=\"robots\" content=\"index, follow, max-snippet:-1, max-image-preview:large, max-video-preview:-1\" \/>\r\n<link rel=\"canonical\" href=\"https:\/\/www.bastiacalcio1924.it\/public\/2015\/08\/20\/il-bastia-2-0-e-pronto-a-stupire\/\" \/>\r\n<meta property=\"og:locale\" content=\"it_IT\" \/>\r\n<meta property=\"og:type\" content=\"article\" \/>\r\n<meta property=\"og:title\" content=\"Il Bastia 2.0 \u00e8 pronto a stupire - BASTIA CALCIO 1924\" \/>\r\n<meta property=\"og:description\" content=\"&nbsp; &nbsp; Mister Scapicchi &nbsp; Il Bastia 2.0 \u00e8 pronto a stupire Eccellenza Domenica esordio stagionale contro il Torgiano di Trabalza. Menichini \u00e8 il bomber che mancava La formazione di Scapicchi vuole dimenticare un\u2019annata disgraziata di Alberto Marino BASTIA UMBRA \u2013 Ripartire per cancellare una stagione disastrosa. Risalire dall\u2019inferno di un umiliante ultimo posto, delle [&hellip;]\" \/>\r\n<meta property=\"og:url\" content=\"https:\/\/www.bastiacalcio1924.it\/public\/2015\/08\/20\/il-bastia-2-0-e-pronto-a-stupire\/\" \/>\r\n<meta property=\"og:site_name\" content=\"BASTIA CALCIO 1924\" \/>\r\n<meta property=\"article:published_time\" content=\"2015-08-20T10:40:12+00:00\" \/>\r\n<meta property=\"article:modified_time\" content=\"2015-08-20T10:41:00+00:00\" \/>\r\n<meta property=\"og:image\" content=\"http:\/\/www.acdbastia1924.it\/wp-content\/uploads\/2015\/08\/scapicchi.png\" \/>\r\n<meta name=\"author\" content=\"Paolo Betti\" \/>\r\n<meta name=\"twitter:label1\" content=\"Scritto da\" \/>\n\t<meta name=\"twitter:data1\" content=\"Paolo Betti\" \/>\n\t<meta name=\"twitter:label2\" content=\"Tempo di lettura stimato\" \/>\n\t<meta name=\"twitter:data2\" content=\"2 minuti\" \/>\r\n<script type=\"application\/ld+json\" class=\"yoast-schema-graph\">{\"@context\":\"https:\\\/\\\/schema.org\",\"@graph\":[{\"@type\":\"Article\",\"@id\":\"https:\\\/\\\/www.bastiacalcio1924.it\\\/public\\\/2015\\\/08\\\/20\\\/il-bastia-2-0-e-pronto-a-stupire\\\/#article\",\"isPartOf\":{\"@id\":\"https:\\\/\\\/www.bastiacalcio1924.it\\\/public\\\/2015\\\/08\\\/20\\\/il-bastia-2-0-e-pronto-a-stupire\\\/\"},\"author\":{\"name\":\"Paolo Betti\",\"@id\":\"https:\\\/\\\/www.bastiacalcio1924.it\\\/public\\\/#\\\/schema\\\/person\\\/0a1a81b524b5e9623fa7be23669b181e\"},\"headline\":\"Il Bastia 2.0 \u00e8 pronto a stupire\",\"datePublished\":\"2015-08-20T10:40:12+00:00\",\"dateModified\":\"2015-08-20T10:41:00+00:00\",\"mainEntityOfPage\":{\"@id\":\"https:\\\/\\\/www.bastiacalcio1924.it\\\/public\\\/2015\\\/08\\\/20\\\/il-bastia-2-0-e-pronto-a-stupire\\\/\"},\"wordCount\":410,\"publisher\":{\"@id\":\"https:\\\/\\\/www.bastiacalcio1924.it\\\/public\\\/#organization\"},\"image\":{\"@id\":\"https:\\\/\\\/www.bastiacalcio1924.it\\\/public\\\/2015\\\/08\\\/20\\\/il-bastia-2-0-e-pronto-a-stupire\\\/#primaryimage\"},\"thumbnailUrl\":\"http:\\\/\\\/www.acdbastia1924.it\\\/wp-content\\\/uploads\\\/2015\\\/08\\\/scapicchi.png\",\"articleSection\":[\"Rassegna Stampa\"],\"inLanguage\":\"it-IT\"},{\"@type\":\"WebPage\",\"@id\":\"https:\\\/\\\/www.bastiacalcio1924.it\\\/public\\\/2015\\\/08\\\/20\\\/il-bastia-2-0-e-pronto-a-stupire\\\/\",\"url\":\"https:\\\/\\\/www.bastiacalcio1924.it\\\/public\\\/2015\\\/08\\\/20\\\/il-bastia-2-0-e-pronto-a-stupire\\\/\",\"name\":\"Il Bastia 2.0 \u00e8 pronto a stupire - BASTIA CALCIO 1924\",\"isPartOf\":{\"@id\":\"https:\\\/\\\/www.bastiacalcio1924.it\\\/public\\\/#website\"},\"primaryImageOfPage\":{\"@id\":\"https:\\\/\\\/www.bastiacalcio1924.it\\\/public\\\/2015\\\/08\\\/20\\\/il-bastia-2-0-e-pronto-a-stupire\\\/#primaryimage\"},\"image\":{\"@id\":\"https:\\\/\\\/www.bastiacalcio1924.it\\\/public\\\/2015\\\/08\\\/20\\\/il-bastia-2-0-e-pronto-a-stupire\\\/#primaryimage\"},\"thumbnailUrl\":\"http:\\\/\\\/www.acdbastia1924.it\\\/wp-content\\\/uploads\\\/2015\\\/08\\\/scapicchi.png\",\"datePublished\":\"2015-08-20T10:40:12+00:00\",\"dateModified\":\"2015-08-20T10:41:00+00:00\",\"breadcrumb\":{\"@id\":\"https:\\\/\\\/www.bastiacalcio1924.it\\\/public\\\/2015\\\/08\\\/20\\\/il-bastia-2-0-e-pronto-a-stupire\\\/#breadcrumb\"},\"inLanguage\":\"it-IT\",\"potentialAction\":[{\"@type\":\"ReadAction\",\"target\":[\"https:\\\/\\\/www.bastiacalcio1924.it\\\/public\\\/2015\\\/08\\\/20\\\/il-bastia-2-0-e-pronto-a-stupire\\\/\"]}]},{\"@type\":\"ImageObject\",\"inLanguage\":\"it-IT\",\"@id\":\"https:\\\/\\\/www.bastiacalcio1924.it\\\/public\\\/2015\\\/08\\\/20\\\/il-bastia-2-0-e-pronto-a-stupire\\\/#primaryimage\",\"url\":\"http:\\\/\\\/www.acdbastia1924.it\\\/wp-content\\\/uploads\\\/2015\\\/08\\\/scapicchi.png\",\"contentUrl\":\"http:\\\/\\\/www.acdbastia1924.it\\\/wp-content\\\/uploads\\\/2015\\\/08\\\/scapicchi.png\"},{\"@type\":\"BreadcrumbList\",\"@id\":\"https:\\\/\\\/www.bastiacalcio1924.it\\\/public\\\/2015\\\/08\\\/20\\\/il-bastia-2-0-e-pronto-a-stupire\\\/#breadcrumb\",\"itemListElement\":[{\"@type\":\"ListItem\",\"position\":1,\"name\":\"Home\",\"item\":\"https:\\\/\\\/www.bastiacalcio1924.it\\\/public\\\/\"},{\"@type\":\"ListItem\",\"position\":2,\"name\":\"Il Bastia 2.0 \u00e8 pronto a stupire\"}]},{\"@type\":\"WebSite\",\"@id\":\"https:\\\/\\\/www.bastiacalcio1924.it\\\/public\\\/#website\",\"url\":\"https:\\\/\\\/www.bastiacalcio1924.it\\\/public\\\/\",\"name\":\"BASTIA CALCIO 1924\",\"description\":\"\",\"publisher\":{\"@id\":\"https:\\\/\\\/www.bastiacalcio1924.it\\\/public\\\/#organization\"},\"potentialAction\":[{\"@type\":\"SearchAction\",\"target\":{\"@type\":\"EntryPoint\",\"urlTemplate\":\"https:\\\/\\\/www.bastiacalcio1924.it\\\/public\\\/?s={search_term_string}\"},\"query-input\":{\"@type\":\"PropertyValueSpecification\",\"valueRequired\":true,\"valueName\":\"search_term_string\"}}],\"inLanguage\":\"it-IT\"},{\"@type\":\"Organization\",\"@id\":\"https:\\\/\\\/www.bastiacalcio1924.it\\\/public\\\/#organization\",\"name\":\"BASTIA CALCIO 1924\",\"url\":\"https:\\\/\\\/www.bastiacalcio1924.it\\\/public\\\/\",\"logo\":{\"@type\":\"ImageObject\",\"inLanguage\":\"it-IT\",\"@id\":\"https:\\\/\\\/www.bastiacalcio1924.it\\\/public\\\/#\\\/schema\\\/logo\\\/image\\\/\",\"url\":\"https:\\\/\\\/www.bastiacalcio1924.it\\\/public\\\/wp-content\\\/uploads\\\/2023\\\/08\\\/cropped-LOGO_100ANNI_REV2_bib_RIDOTTO_QUADRATO_512i.png\",\"contentUrl\":\"https:\\\/\\\/www.bastiacalcio1924.it\\\/public\\\/wp-content\\\/uploads\\\/2023\\\/08\\\/cropped-LOGO_100ANNI_REV2_bib_RIDOTTO_QUADRATO_512i.png\",\"width\":512,\"height\":512,\"caption\":\"BASTIA CALCIO 1924\"},\"image\":{\"@id\":\"https:\\\/\\\/www.bastiacalcio1924.it\\\/public\\\/#\\\/schema\\\/logo\\\/image\\\/\"}},{\"@type\":\"Person\",\"@id\":\"https:\\\/\\\/www.bastiacalcio1924.it\\\/public\\\/#\\\/schema\\\/person\\\/0a1a81b524b5e9623fa7be23669b181e\",\"name\":\"Paolo Betti\",\"image\":{\"@type\":\"ImageObject\",\"inLanguage\":\"it-IT\",\"@id\":\"https:\\\/\\\/secure.gravatar.com\\\/avatar\\\/87040398117de247b254482d36fb94e854c830fecb785fe7b5de726c344cad78?s=96&d=mm&r=g\",\"url\":\"https:\\\/\\\/secure.gravatar.com\\\/avatar\\\/87040398117de247b254482d36fb94e854c830fecb785fe7b5de726c344cad78?s=96&d=mm&r=g\",\"contentUrl\":\"https:\\\/\\\/secure.gravatar.com\\\/avatar\\\/87040398117de247b254482d36fb94e854c830fecb785fe7b5de726c344cad78?s=96&d=mm&r=g\",\"caption\":\"Paolo Betti\"},\"url\":\"https:\\\/\\\/www.bastiacalcio1924.it\\\/public\\\/author\\\/admin\\\/\"}]}<\/script>\r\n<!-- \/ Yoast SEO plugin. -->","yoast_head_json":{"title":"Il Bastia 2.0 \u00e8 pronto a stupire - BASTIA CALCIO 1924","robots":{"index":"index","follow":"follow","max-snippet":"max-snippet:-1","max-image-preview":"max-image-preview:large","max-video-preview":"max-video-preview:-1"},"canonical":"https:\/\/www.bastiacalcio1924.it\/public\/2015\/08\/20\/il-bastia-2-0-e-pronto-a-stupire\/","og_locale":"it_IT","og_type":"article","og_title":"Il Bastia 2.0 \u00e8 pronto a stupire - BASTIA CALCIO 1924","og_description":"&nbsp; &nbsp; Mister Scapicchi &nbsp; Il Bastia 2.0 \u00e8 pronto a stupire Eccellenza Domenica esordio stagionale contro il Torgiano di Trabalza. Menichini \u00e8 il bomber che mancava La formazione di Scapicchi vuole dimenticare un\u2019annata disgraziata di Alberto Marino BASTIA UMBRA \u2013 Ripartire per cancellare una stagione disastrosa. Risalire dall\u2019inferno di un umiliante ultimo posto, delle [&hellip;]","og_url":"https:\/\/www.bastiacalcio1924.it\/public\/2015\/08\/20\/il-bastia-2-0-e-pronto-a-stupire\/","og_site_name":"BASTIA CALCIO 1924","article_published_time":"2015-08-20T10:40:12+00:00","article_modified_time":"2015-08-20T10:41:00+00:00","og_image":[{"url":"http:\/\/www.acdbastia1924.it\/wp-content\/uploads\/2015\/08\/scapicchi.png","type":"","width":"","height":""}],"author":"Paolo Betti","twitter_misc":{"Scritto da":"Paolo Betti","Tempo di lettura stimato":"2 minuti"},"schema":{"@context":"https:\/\/schema.org","@graph":[{"@type":"Article","@id":"https:\/\/www.bastiacalcio1924.it\/public\/2015\/08\/20\/il-bastia-2-0-e-pronto-a-stupire\/#article","isPartOf":{"@id":"https:\/\/www.bastiacalcio1924.it\/public\/2015\/08\/20\/il-bastia-2-0-e-pronto-a-stupire\/"},"author":{"name":"Paolo Betti","@id":"https:\/\/www.bastiacalcio1924.it\/public\/#\/schema\/person\/0a1a81b524b5e9623fa7be23669b181e"},"headline":"Il Bastia 2.0 \u00e8 pronto a stupire","datePublished":"2015-08-20T10:40:12+00:00","dateModified":"2015-08-20T10:41:00+00:00","mainEntityOfPage":{"@id":"https:\/\/www.bastiacalcio1924.it\/public\/2015\/08\/20\/il-bastia-2-0-e-pronto-a-stupire\/"},"wordCount":410,"publisher":{"@id":"https:\/\/www.bastiacalcio1924.it\/public\/#organization"},"image":{"@id":"https:\/\/www.bastiacalcio1924.it\/public\/2015\/08\/20\/il-bastia-2-0-e-pronto-a-stupire\/#primaryimage"},"thumbnailUrl":"http:\/\/www.acdbastia1924.it\/wp-content\/uploads\/2015\/08\/scapicchi.png","articleSection":["Rassegna Stampa"],"inLanguage":"it-IT"},{"@type":"WebPage","@id":"https:\/\/www.bastiacalcio1924.it\/public\/2015\/08\/20\/il-bastia-2-0-e-pronto-a-stupire\/","url":"https:\/\/www.bastiacalcio1924.it\/public\/2015\/08\/20\/il-bastia-2-0-e-pronto-a-stupire\/","name":"Il Bastia 2.0 \u00e8 pronto a stupire - BASTIA CALCIO 1924","isPartOf":{"@id":"https:\/\/www.bastiacalcio1924.it\/public\/#website"},"primaryImageOfPage":{"@id":"https:\/\/www.bastiacalcio1924.it\/public\/2015\/08\/20\/il-bastia-2-0-e-pronto-a-stupire\/#primaryimage"},"image":{"@id":"https:\/\/www.bastiacalcio1924.it\/public\/2015\/08\/20\/il-bastia-2-0-e-pronto-a-stupire\/#primaryimage"},"thumbnailUrl":"http:\/\/www.acdbastia1924.it\/wp-content\/uploads\/2015\/08\/scapicchi.png","datePublished":"2015-08-20T10:40:12+00:00","dateModified":"2015-08-20T10:41:00+00:00","breadcrumb":{"@id":"https:\/\/www.bastiacalcio1924.it\/public\/2015\/08\/20\/il-bastia-2-0-e-pronto-a-stupire\/#breadcrumb"},"inLanguage":"it-IT","potentialAction":[{"@type":"ReadAction","target":["https:\/\/www.bastiacalcio1924.it\/public\/2015\/08\/20\/il-bastia-2-0-e-pronto-a-stupire\/"]}]},{"@type":"ImageObject","inLanguage":"it-IT","@id":"https:\/\/www.bastiacalcio1924.it\/public\/2015\/08\/20\/il-bastia-2-0-e-pronto-a-stupire\/#primaryimage","url":"http:\/\/www.acdbastia1924.it\/wp-content\/uploads\/2015\/08\/scapicchi.png","contentUrl":"http:\/\/www.acdbastia1924.it\/wp-content\/uploads\/2015\/08\/scapicchi.png"},{"@type":"BreadcrumbList","@id":"https:\/\/www.bastiacalcio1924.it\/public\/2015\/08\/20\/il-bastia-2-0-e-pronto-a-stupire\/#breadcrumb","itemListElement":[{"@type":"ListItem","position":1,"name":"Home","item":"https:\/\/www.bastiacalcio1924.it\/public\/"},{"@type":"ListItem","position":2,"name":"Il Bastia 2.0 \u00e8 pronto a stupire"}]},{"@type":"WebSite","@id":"https:\/\/www.bastiacalcio1924.it\/public\/#website","url":"https:\/\/www.bastiacalcio1924.it\/public\/","name":"BASTIA CALCIO 1924","description":"","publisher":{"@id":"https:\/\/www.bastiacalcio1924.it\/public\/#organization"},"potentialAction":[{"@type":"SearchAction","target":{"@type":"EntryPoint","urlTemplate":"https:\/\/www.bastiacalcio1924.it\/public\/?s={search_term_string}"},"query-input":{"@type":"PropertyValueSpecification","valueRequired":true,"valueName":"search_term_string"}}],"inLanguage":"it-IT"},{"@type":"Organization","@id":"https:\/\/www.bastiacalcio1924.it\/public\/#organization","name":"BASTIA CALCIO 1924","url":"https:\/\/www.bastiacalcio1924.it\/public\/","logo":{"@type":"ImageObject","inLanguage":"it-IT","@id":"https:\/\/www.bastiacalcio1924.it\/public\/#\/schema\/logo\/image\/","url":"https:\/\/www.bastiacalcio1924.it\/public\/wp-content\/uploads\/2023\/08\/cropped-LOGO_100ANNI_REV2_bib_RIDOTTO_QUADRATO_512i.png","contentUrl":"https:\/\/www.bastiacalcio1924.it\/public\/wp-content\/uploads\/2023\/08\/cropped-LOGO_100ANNI_REV2_bib_RIDOTTO_QUADRATO_512i.png","width":512,"height":512,"caption":"BASTIA CALCIO 1924"},"image":{"@id":"https:\/\/www.bastiacalcio1924.it\/public\/#\/schema\/logo\/image\/"}},{"@type":"Person","@id":"https:\/\/www.bastiacalcio1924.it\/public\/#\/schema\/person\/0a1a81b524b5e9623fa7be23669b181e","name":"Paolo Betti","image":{"@type":"ImageObject","inLanguage":"it-IT","@id":"https:\/\/secure.gravatar.com\/avatar\/87040398117de247b254482d36fb94e854c830fecb785fe7b5de726c344cad78?s=96&d=mm&r=g","url":"https:\/\/secure.gravatar.com\/avatar\/87040398117de247b254482d36fb94e854c830fecb785fe7b5de726c344cad78?s=96&d=mm&r=g","contentUrl":"https:\/\/secure.gravatar.com\/avatar\/87040398117de247b254482d36fb94e854c830fecb785fe7b5de726c344cad78?s=96&d=mm&r=g","caption":"Paolo Betti"},"url":"https:\/\/www.bastiacalcio1924.it\/public\/author\/admin\/"}]}},"_links":{"self":[{"href":"https:\/\/www.bastiacalcio1924.it\/public\/wp-json\/wp\/v2\/posts\/1376","targetHints":{"allow":["GET"]}}],"collection":[{"href":"https:\/\/www.bastiacalcio1924.it\/public\/wp-json\/wp\/v2\/posts"}],"about":[{"href":"https:\/\/www.bastiacalcio1924.it\/public\/wp-json\/wp\/v2\/types\/post"}],"author":[{"embeddable":true,"href":"https:\/\/www.bastiacalcio1924.it\/public\/wp-json\/wp\/v2\/users\/1"}],"replies":[{"embeddable":true,"href":"https:\/\/www.bastiacalcio1924.it\/public\/wp-json\/wp\/v2\/comments?post=1376"}],"version-history":[{"count":1,"href":"https:\/\/www.bastiacalcio1924.it\/public\/wp-json\/wp\/v2\/posts\/1376\/revisions"}],"predecessor-version":[{"id":1378,"href":"https:\/\/www.bastiacalcio1924.it\/public\/wp-json\/wp\/v2\/posts\/1376\/revisions\/1378"}],"wp:attachment":[{"href":"https:\/\/www.bastiacalcio1924.it\/public\/wp-json\/wp\/v2\/media?parent=1376"}],"wp:term":[{"taxonomy":"category","embeddable":true,"href":"https:\/\/www.bastiacalcio1924.it\/public\/wp-json\/wp\/v2\/categories?post=1376"},{"taxonomy":"post_tag","embeddable":true,"href":"https:\/\/www.bastiacalcio1924.it\/public\/wp-json\/wp\/v2\/tags?post=1376"}],"curies":[{"name":"wp","href":"https:\/\/api.w.org\/{rel}","templated":true}]}}