{"id":12586,"date":"2025-04-25T11:38:30","date_gmt":"2025-04-25T09:38:30","guid":{"rendered":"http:\/\/www.bastiacalcio1924.it\/public\/?p=12586"},"modified":"2025-04-25T11:38:30","modified_gmt":"2025-04-25T09:38:30","slug":"comunicato-ufficiale-16","status":"publish","type":"post","link":"https:\/\/www.bastiacalcio1924.it\/public\/2025\/04\/25\/comunicato-ufficiale-16\/","title":{"rendered":"COMUNICATO UFFICIALE"},"content":{"rendered":"\n<figure class=\"wp-block-gallery has-nested-images columns-default is-cropped wp-block-gallery-1 is-layout-flex wp-block-gallery-is-layout-flex\"><\/figure>\n\n\n\n<div class=\"xdj266r x11i5rnm xat24cr x1mh8g0r x1vvkbs x126k92a\">\n<div dir=\"auto\">COMUNICATO UFFICIALE DEL PRESIDENTE SANDRO MAMMOLI<\/div>\n<div dir=\"auto\">&#8220;Mi trovo qui a scrivere queste due righe ma potremmo tranquillamente scrivere un libro sugli episodi incredibili avvenuti nel finale di stagione negli ultimi campionati a Bastia. Circostanze che, dopo 10 anni di presidenza, mi fanno riflettere. Iniziamo dall\u2019anno della pandemia. Marzo 2020: lo stop ai campionati. Tutti salvi tranne le squadre di serie D. Bastia quartultimo e viene decisa la retrocessione delle ultime 4 squadre, d\u2019ufficio, senza la disputa dei playout. Scendiamo in Eccellenza e becchiamo la stagione con 5 retrocessioni per tornare a 16 squadre l\u2019anno successivo. Retrocediamo da sestultimi, con 40 punti, dopo aver perso la finale playout. Andiamo in Promozione e arriviamo alla finale playoff contro lo Spoleto, iscritto al campionato con il titolo della Fortitudo Subasio, nel frattempo scomparsa. Subiamo gol al 119\u2019 e siamo eliminati. Lo scorso anno, finalmente, la vittoria del campionato di Promozione, dopo una grande rincorsa, e la Supercoppa. Stai a vedere che il vento \u00e8 cambiato. Invece quest\u2019anno ci risiamo. A due giornate dalla fine del campionato non sappiamo quale sar\u00e0 la nostra classifica al termine della regular season. Tutto dipender\u00e0 dalla possibilit\u00e0 o meno che il Citt\u00e0 di Castello, dopo non essersi presentato gi\u00e0 due volte, giochi o meno con il Tavernelle. Noi ci mettiamo del nostro, sicuramente, perch\u00e9 siamo l\u2019unica squadra ad aver perso contro il Citt\u00e0 di Castello, nella gara d\u2019andata. Tuttavia, sia all\u2019andata che al ritorno, quando abbiamo vinto 1-0 nel finale, abbiamo affrontato il miglior Citt\u00e0 di Castello con la rosa al completo, prima che iniziasse la diaspora che ha portato alle due rinunce. Quei 3 punti rischiano di essere determinanti per il nostro finale di stagione. Non vogliamo polemizzare ma semplicemente riportare i dati di fatto. Dopo 10 anni di sacrifici, personalmente, sono stanco di lottare tra mille difficolt\u00e0 che non meritano n\u00e9 il Bastia societ\u00e0 n\u00e9 i suoi tifosi che ci hanno sempre seguito. Nel caso in cui dovessimo retrocedere, circostanza che non voglio neanche immaginare, lascer\u00f2 la presidenza e la societ\u00e0\u201d.<\/div>\n<\/div>\n<div class=\"x11i5rnm xat24cr x1mh8g0r x1vvkbs xtlvy1s x126k92a\">\n<div dir=\"auto\">SANDRO MAMMOLI<\/div>\n<div dir=\"auto\">PRESIDENTE ASD BASTIA CALCIO 1924<\/div>\n<\/div>\n","protected":false},"excerpt":{"rendered":"<p>COMUNICATO UFFICIALE DEL PRESIDENTE SANDRO MAMMOLI &#8220;Mi trovo qui a scrivere queste due righe ma potremmo tranquillamente scrivere un libro sugli episodi incredibili avvenuti nel finale di stagione negli ultimi campionati a Bastia. Circostanze che, dopo 10 anni di presidenza, mi fanno riflettere. Iniziamo dall\u2019anno della pandemia. Marzo 2020: lo stop ai campionati. Tutti salvi [&hellip;]<\/p>\n","protected":false},"author":6,"featured_media":12587,"comment_status":"open","ping_status":"closed","sticky":false,"template":"","format":"gallery","meta":{"_bbp_topic_count":0,"_bbp_reply_count":0,"_bbp_total_topic_count":0,"_bbp_total_reply_count":0,"_bbp_voice_count":0,"_bbp_anonymous_reply_count":0,"_bbp_topic_count_hidden":0,"_bbp_reply_count_hidden":0,"_bbp_forum_subforum_count":0,"_et_pb_use_builder":"","_et_pb_old_content":"","_et_gb_content_width":"","footnotes":""},"categories":[30],"tags":[],"class_list":["post-12586","post","type-post","status-publish","format-gallery","has-post-thumbnail","hentry","category-rassegna-stampa","post_format-post-format-gallery"],"yoast_head":"<!-- This site is optimized with the Yoast SEO plugin v27.4 - https:\/\/yoast.com\/product\/yoast-seo-wordpress\/ -->\r\n<title>COMUNICATO UFFICIALE - BASTIA CALCIO 1924<\/title>\r\n<meta name=\"robots\" content=\"index, follow, max-snippet:-1, max-image-preview:large, max-video-preview:-1\" \/>\r\n<link rel=\"canonical\" href=\"https:\/\/www.bastiacalcio1924.it\/public\/2025\/04\/25\/comunicato-ufficiale-16\/\" \/>\r\n<meta property=\"og:locale\" content=\"it_IT\" \/>\r\n<meta property=\"og:type\" content=\"article\" \/>\r\n<meta property=\"og:title\" content=\"COMUNICATO UFFICIALE - BASTIA CALCIO 1924\" \/>\r\n<meta property=\"og:description\" content=\"COMUNICATO UFFICIALE DEL PRESIDENTE SANDRO MAMMOLI &#8220;Mi trovo qui a scrivere queste due righe ma potremmo tranquillamente scrivere un libro sugli episodi incredibili avvenuti nel finale di stagione negli ultimi campionati a Bastia. Circostanze che, dopo 10 anni di presidenza, mi fanno riflettere. Iniziamo dall\u2019anno della pandemia. Marzo 2020: lo stop ai campionati. Tutti salvi [&hellip;]\" \/>\r\n<meta property=\"og:url\" content=\"https:\/\/www.bastiacalcio1924.it\/public\/2025\/04\/25\/comunicato-ufficiale-16\/\" \/>\r\n<meta property=\"og:site_name\" content=\"BASTIA CALCIO 1924\" \/>\r\n<meta property=\"article:published_time\" content=\"2025-04-25T09:38:30+00:00\" \/>\r\n<meta property=\"og:image\" content=\"https:\/\/www.bastiacalcio1924.it\/public\/wp-content\/uploads\/2025\/04\/Comunicato-Ufficiale.png\" \/>\r\n\t<meta property=\"og:image:width\" content=\"1024\" \/>\r\n\t<meta property=\"og:image:height\" content=\"512\" \/>\r\n\t<meta property=\"og:image:type\" content=\"image\/png\" \/>\r\n<meta name=\"author\" content=\"SB\" \/>\r\n<meta name=\"twitter:label1\" content=\"Scritto da\" \/>\n\t<meta name=\"twitter:data1\" content=\"SB\" \/>\n\t<meta name=\"twitter:label2\" content=\"Tempo di lettura stimato\" \/>\n\t<meta name=\"twitter:data2\" content=\"2 minuti\" \/>\r\n<script type=\"application\/ld+json\" class=\"yoast-schema-graph\">{\"@context\":\"https:\\\/\\\/schema.org\",\"@graph\":[{\"@type\":\"Article\",\"@id\":\"https:\\\/\\\/www.bastiacalcio1924.it\\\/public\\\/2025\\\/04\\\/25\\\/comunicato-ufficiale-16\\\/#article\",\"isPartOf\":{\"@id\":\"https:\\\/\\\/www.bastiacalcio1924.it\\\/public\\\/2025\\\/04\\\/25\\\/comunicato-ufficiale-16\\\/\"},\"author\":{\"name\":\"SB\",\"@id\":\"https:\\\/\\\/www.bastiacalcio1924.it\\\/public\\\/#\\\/schema\\\/person\\\/a4907b2b5c36f61ff09b0d496eed4c2f\"},\"headline\":\"COMUNICATO UFFICIALE\",\"datePublished\":\"2025-04-25T09:38:30+00:00\",\"mainEntityOfPage\":{\"@id\":\"https:\\\/\\\/www.bastiacalcio1924.it\\\/public\\\/2025\\\/04\\\/25\\\/comunicato-ufficiale-16\\\/\"},\"wordCount\":340,\"commentCount\":0,\"publisher\":{\"@id\":\"https:\\\/\\\/www.bastiacalcio1924.it\\\/public\\\/#organization\"},\"image\":{\"@id\":\"https:\\\/\\\/www.bastiacalcio1924.it\\\/public\\\/2025\\\/04\\\/25\\\/comunicato-ufficiale-16\\\/#primaryimage\"},\"thumbnailUrl\":\"https:\\\/\\\/www.bastiacalcio1924.it\\\/public\\\/wp-content\\\/uploads\\\/2025\\\/04\\\/Comunicato-Ufficiale.png\",\"articleSection\":[\"Rassegna Stampa\"],\"inLanguage\":\"it-IT\",\"potentialAction\":[{\"@type\":\"CommentAction\",\"name\":\"Comment\",\"target\":[\"https:\\\/\\\/www.bastiacalcio1924.it\\\/public\\\/2025\\\/04\\\/25\\\/comunicato-ufficiale-16\\\/#respond\"]}]},{\"@type\":\"WebPage\",\"@id\":\"https:\\\/\\\/www.bastiacalcio1924.it\\\/public\\\/2025\\\/04\\\/25\\\/comunicato-ufficiale-16\\\/\",\"url\":\"https:\\\/\\\/www.bastiacalcio1924.it\\\/public\\\/2025\\\/04\\\/25\\\/comunicato-ufficiale-16\\\/\",\"name\":\"COMUNICATO UFFICIALE - BASTIA CALCIO 1924\",\"isPartOf\":{\"@id\":\"https:\\\/\\\/www.bastiacalcio1924.it\\\/public\\\/#website\"},\"primaryImageOfPage\":{\"@id\":\"https:\\\/\\\/www.bastiacalcio1924.it\\\/public\\\/2025\\\/04\\\/25\\\/comunicato-ufficiale-16\\\/#primaryimage\"},\"image\":{\"@id\":\"https:\\\/\\\/www.bastiacalcio1924.it\\\/public\\\/2025\\\/04\\\/25\\\/comunicato-ufficiale-16\\\/#primaryimage\"},\"thumbnailUrl\":\"https:\\\/\\\/www.bastiacalcio1924.it\\\/public\\\/wp-content\\\/uploads\\\/2025\\\/04\\\/Comunicato-Ufficiale.png\",\"datePublished\":\"2025-04-25T09:38:30+00:00\",\"breadcrumb\":{\"@id\":\"https:\\\/\\\/www.bastiacalcio1924.it\\\/public\\\/2025\\\/04\\\/25\\\/comunicato-ufficiale-16\\\/#breadcrumb\"},\"inLanguage\":\"it-IT\",\"potentialAction\":[{\"@type\":\"ReadAction\",\"target\":[\"https:\\\/\\\/www.bastiacalcio1924.it\\\/public\\\/2025\\\/04\\\/25\\\/comunicato-ufficiale-16\\\/\"]}]},{\"@type\":\"ImageObject\",\"inLanguage\":\"it-IT\",\"@id\":\"https:\\\/\\\/www.bastiacalcio1924.it\\\/public\\\/2025\\\/04\\\/25\\\/comunicato-ufficiale-16\\\/#primaryimage\",\"url\":\"https:\\\/\\\/www.bastiacalcio1924.it\\\/public\\\/wp-content\\\/uploads\\\/2025\\\/04\\\/Comunicato-Ufficiale.png\",\"contentUrl\":\"https:\\\/\\\/www.bastiacalcio1924.it\\\/public\\\/wp-content\\\/uploads\\\/2025\\\/04\\\/Comunicato-Ufficiale.png\",\"width\":1024,\"height\":512},{\"@type\":\"BreadcrumbList\",\"@id\":\"https:\\\/\\\/www.bastiacalcio1924.it\\\/public\\\/2025\\\/04\\\/25\\\/comunicato-ufficiale-16\\\/#breadcrumb\",\"itemListElement\":[{\"@type\":\"ListItem\",\"position\":1,\"name\":\"Home\",\"item\":\"https:\\\/\\\/www.bastiacalcio1924.it\\\/public\\\/\"},{\"@type\":\"ListItem\",\"position\":2,\"name\":\"COMUNICATO UFFICIALE\"}]},{\"@type\":\"WebSite\",\"@id\":\"https:\\\/\\\/www.bastiacalcio1924.it\\\/public\\\/#website\",\"url\":\"https:\\\/\\\/www.bastiacalcio1924.it\\\/public\\\/\",\"name\":\"BASTIA CALCIO 1924\",\"description\":\"\",\"publisher\":{\"@id\":\"https:\\\/\\\/www.bastiacalcio1924.it\\\/public\\\/#organization\"},\"potentialAction\":[{\"@type\":\"SearchAction\",\"target\":{\"@type\":\"EntryPoint\",\"urlTemplate\":\"https:\\\/\\\/www.bastiacalcio1924.it\\\/public\\\/?s={search_term_string}\"},\"query-input\":{\"@type\":\"PropertyValueSpecification\",\"valueRequired\":true,\"valueName\":\"search_term_string\"}}],\"inLanguage\":\"it-IT\"},{\"@type\":\"Organization\",\"@id\":\"https:\\\/\\\/www.bastiacalcio1924.it\\\/public\\\/#organization\",\"name\":\"BASTIA CALCIO 1924\",\"url\":\"https:\\\/\\\/www.bastiacalcio1924.it\\\/public\\\/\",\"logo\":{\"@type\":\"ImageObject\",\"inLanguage\":\"it-IT\",\"@id\":\"https:\\\/\\\/www.bastiacalcio1924.it\\\/public\\\/#\\\/schema\\\/logo\\\/image\\\/\",\"url\":\"https:\\\/\\\/www.bastiacalcio1924.it\\\/public\\\/wp-content\\\/uploads\\\/2023\\\/08\\\/cropped-LOGO_100ANNI_REV2_bib_RIDOTTO_QUADRATO_512i.png\",\"contentUrl\":\"https:\\\/\\\/www.bastiacalcio1924.it\\\/public\\\/wp-content\\\/uploads\\\/2023\\\/08\\\/cropped-LOGO_100ANNI_REV2_bib_RIDOTTO_QUADRATO_512i.png\",\"width\":512,\"height\":512,\"caption\":\"BASTIA CALCIO 1924\"},\"image\":{\"@id\":\"https:\\\/\\\/www.bastiacalcio1924.it\\\/public\\\/#\\\/schema\\\/logo\\\/image\\\/\"}},{\"@type\":\"Person\",\"@id\":\"https:\\\/\\\/www.bastiacalcio1924.it\\\/public\\\/#\\\/schema\\\/person\\\/a4907b2b5c36f61ff09b0d496eed4c2f\",\"name\":\"SB\",\"image\":{\"@type\":\"ImageObject\",\"inLanguage\":\"it-IT\",\"@id\":\"https:\\\/\\\/secure.gravatar.com\\\/avatar\\\/641ea1a0dd7727377ab804948a47d775d5b5ee2019dbaeaf4eaaa9cb5f3e2064?s=96&d=mm&r=g\",\"url\":\"https:\\\/\\\/secure.gravatar.com\\\/avatar\\\/641ea1a0dd7727377ab804948a47d775d5b5ee2019dbaeaf4eaaa9cb5f3e2064?s=96&d=mm&r=g\",\"contentUrl\":\"https:\\\/\\\/secure.gravatar.com\\\/avatar\\\/641ea1a0dd7727377ab804948a47d775d5b5ee2019dbaeaf4eaaa9cb5f3e2064?s=96&d=mm&r=g\",\"caption\":\"SB\"},\"url\":\"https:\\\/\\\/www.bastiacalcio1924.it\\\/public\\\/author\\\/stefano-bibi\\\/\"}]}<\/script>\r\n<!-- \/ Yoast SEO plugin. -->","yoast_head_json":{"title":"COMUNICATO UFFICIALE - BASTIA CALCIO 1924","robots":{"index":"index","follow":"follow","max-snippet":"max-snippet:-1","max-image-preview":"max-image-preview:large","max-video-preview":"max-video-preview:-1"},"canonical":"https:\/\/www.bastiacalcio1924.it\/public\/2025\/04\/25\/comunicato-ufficiale-16\/","og_locale":"it_IT","og_type":"article","og_title":"COMUNICATO UFFICIALE - BASTIA CALCIO 1924","og_description":"COMUNICATO UFFICIALE DEL PRESIDENTE SANDRO MAMMOLI &#8220;Mi trovo qui a scrivere queste due righe ma potremmo tranquillamente scrivere un libro sugli episodi incredibili avvenuti nel finale di stagione negli ultimi campionati a Bastia. Circostanze che, dopo 10 anni di presidenza, mi fanno riflettere. Iniziamo dall\u2019anno della pandemia. Marzo 2020: lo stop ai campionati. Tutti salvi [&hellip;]","og_url":"https:\/\/www.bastiacalcio1924.it\/public\/2025\/04\/25\/comunicato-ufficiale-16\/","og_site_name":"BASTIA CALCIO 1924","article_published_time":"2025-04-25T09:38:30+00:00","og_image":[{"width":1024,"height":512,"url":"https:\/\/www.bastiacalcio1924.it\/public\/wp-content\/uploads\/2025\/04\/Comunicato-Ufficiale.png","type":"image\/png"}],"author":"SB","twitter_misc":{"Scritto da":"SB","Tempo di lettura stimato":"2 minuti"},"schema":{"@context":"https:\/\/schema.org","@graph":[{"@type":"Article","@id":"https:\/\/www.bastiacalcio1924.it\/public\/2025\/04\/25\/comunicato-ufficiale-16\/#article","isPartOf":{"@id":"https:\/\/www.bastiacalcio1924.it\/public\/2025\/04\/25\/comunicato-ufficiale-16\/"},"author":{"name":"SB","@id":"https:\/\/www.bastiacalcio1924.it\/public\/#\/schema\/person\/a4907b2b5c36f61ff09b0d496eed4c2f"},"headline":"COMUNICATO UFFICIALE","datePublished":"2025-04-25T09:38:30+00:00","mainEntityOfPage":{"@id":"https:\/\/www.bastiacalcio1924.it\/public\/2025\/04\/25\/comunicato-ufficiale-16\/"},"wordCount":340,"commentCount":0,"publisher":{"@id":"https:\/\/www.bastiacalcio1924.it\/public\/#organization"},"image":{"@id":"https:\/\/www.bastiacalcio1924.it\/public\/2025\/04\/25\/comunicato-ufficiale-16\/#primaryimage"},"thumbnailUrl":"https:\/\/www.bastiacalcio1924.it\/public\/wp-content\/uploads\/2025\/04\/Comunicato-Ufficiale.png","articleSection":["Rassegna Stampa"],"inLanguage":"it-IT","potentialAction":[{"@type":"CommentAction","name":"Comment","target":["https:\/\/www.bastiacalcio1924.it\/public\/2025\/04\/25\/comunicato-ufficiale-16\/#respond"]}]},{"@type":"WebPage","@id":"https:\/\/www.bastiacalcio1924.it\/public\/2025\/04\/25\/comunicato-ufficiale-16\/","url":"https:\/\/www.bastiacalcio1924.it\/public\/2025\/04\/25\/comunicato-ufficiale-16\/","name":"COMUNICATO UFFICIALE - BASTIA CALCIO 1924","isPartOf":{"@id":"https:\/\/www.bastiacalcio1924.it\/public\/#website"},"primaryImageOfPage":{"@id":"https:\/\/www.bastiacalcio1924.it\/public\/2025\/04\/25\/comunicato-ufficiale-16\/#primaryimage"},"image":{"@id":"https:\/\/www.bastiacalcio1924.it\/public\/2025\/04\/25\/comunicato-ufficiale-16\/#primaryimage"},"thumbnailUrl":"https:\/\/www.bastiacalcio1924.it\/public\/wp-content\/uploads\/2025\/04\/Comunicato-Ufficiale.png","datePublished":"2025-04-25T09:38:30+00:00","breadcrumb":{"@id":"https:\/\/www.bastiacalcio1924.it\/public\/2025\/04\/25\/comunicato-ufficiale-16\/#breadcrumb"},"inLanguage":"it-IT","potentialAction":[{"@type":"ReadAction","target":["https:\/\/www.bastiacalcio1924.it\/public\/2025\/04\/25\/comunicato-ufficiale-16\/"]}]},{"@type":"ImageObject","inLanguage":"it-IT","@id":"https:\/\/www.bastiacalcio1924.it\/public\/2025\/04\/25\/comunicato-ufficiale-16\/#primaryimage","url":"https:\/\/www.bastiacalcio1924.it\/public\/wp-content\/uploads\/2025\/04\/Comunicato-Ufficiale.png","contentUrl":"https:\/\/www.bastiacalcio1924.it\/public\/wp-content\/uploads\/2025\/04\/Comunicato-Ufficiale.png","width":1024,"height":512},{"@type":"BreadcrumbList","@id":"https:\/\/www.bastiacalcio1924.it\/public\/2025\/04\/25\/comunicato-ufficiale-16\/#breadcrumb","itemListElement":[{"@type":"ListItem","position":1,"name":"Home","item":"https:\/\/www.bastiacalcio1924.it\/public\/"},{"@type":"ListItem","position":2,"name":"COMUNICATO UFFICIALE"}]},{"@type":"WebSite","@id":"https:\/\/www.bastiacalcio1924.it\/public\/#website","url":"https:\/\/www.bastiacalcio1924.it\/public\/","name":"BASTIA CALCIO 1924","description":"","publisher":{"@id":"https:\/\/www.bastiacalcio1924.it\/public\/#organization"},"potentialAction":[{"@type":"SearchAction","target":{"@type":"EntryPoint","urlTemplate":"https:\/\/www.bastiacalcio1924.it\/public\/?s={search_term_string}"},"query-input":{"@type":"PropertyValueSpecification","valueRequired":true,"valueName":"search_term_string"}}],"inLanguage":"it-IT"},{"@type":"Organization","@id":"https:\/\/www.bastiacalcio1924.it\/public\/#organization","name":"BASTIA CALCIO 1924","url":"https:\/\/www.bastiacalcio1924.it\/public\/","logo":{"@type":"ImageObject","inLanguage":"it-IT","@id":"https:\/\/www.bastiacalcio1924.it\/public\/#\/schema\/logo\/image\/","url":"https:\/\/www.bastiacalcio1924.it\/public\/wp-content\/uploads\/2023\/08\/cropped-LOGO_100ANNI_REV2_bib_RIDOTTO_QUADRATO_512i.png","contentUrl":"https:\/\/www.bastiacalcio1924.it\/public\/wp-content\/uploads\/2023\/08\/cropped-LOGO_100ANNI_REV2_bib_RIDOTTO_QUADRATO_512i.png","width":512,"height":512,"caption":"BASTIA CALCIO 1924"},"image":{"@id":"https:\/\/www.bastiacalcio1924.it\/public\/#\/schema\/logo\/image\/"}},{"@type":"Person","@id":"https:\/\/www.bastiacalcio1924.it\/public\/#\/schema\/person\/a4907b2b5c36f61ff09b0d496eed4c2f","name":"SB","image":{"@type":"ImageObject","inLanguage":"it-IT","@id":"https:\/\/secure.gravatar.com\/avatar\/641ea1a0dd7727377ab804948a47d775d5b5ee2019dbaeaf4eaaa9cb5f3e2064?s=96&d=mm&r=g","url":"https:\/\/secure.gravatar.com\/avatar\/641ea1a0dd7727377ab804948a47d775d5b5ee2019dbaeaf4eaaa9cb5f3e2064?s=96&d=mm&r=g","contentUrl":"https:\/\/secure.gravatar.com\/avatar\/641ea1a0dd7727377ab804948a47d775d5b5ee2019dbaeaf4eaaa9cb5f3e2064?s=96&d=mm&r=g","caption":"SB"},"url":"https:\/\/www.bastiacalcio1924.it\/public\/author\/stefano-bibi\/"}]}},"_links":{"self":[{"href":"https:\/\/www.bastiacalcio1924.it\/public\/wp-json\/wp\/v2\/posts\/12586","targetHints":{"allow":["GET"]}}],"collection":[{"href":"https:\/\/www.bastiacalcio1924.it\/public\/wp-json\/wp\/v2\/posts"}],"about":[{"href":"https:\/\/www.bastiacalcio1924.it\/public\/wp-json\/wp\/v2\/types\/post"}],"author":[{"embeddable":true,"href":"https:\/\/www.bastiacalcio1924.it\/public\/wp-json\/wp\/v2\/users\/6"}],"replies":[{"embeddable":true,"href":"https:\/\/www.bastiacalcio1924.it\/public\/wp-json\/wp\/v2\/comments?post=12586"}],"version-history":[{"count":1,"href":"https:\/\/www.bastiacalcio1924.it\/public\/wp-json\/wp\/v2\/posts\/12586\/revisions"}],"predecessor-version":[{"id":12588,"href":"https:\/\/www.bastiacalcio1924.it\/public\/wp-json\/wp\/v2\/posts\/12586\/revisions\/12588"}],"wp:featuredmedia":[{"embeddable":true,"href":"https:\/\/www.bastiacalcio1924.it\/public\/wp-json\/wp\/v2\/media\/12587"}],"wp:attachment":[{"href":"https:\/\/www.bastiacalcio1924.it\/public\/wp-json\/wp\/v2\/media?parent=12586"}],"wp:term":[{"taxonomy":"category","embeddable":true,"href":"https:\/\/www.bastiacalcio1924.it\/public\/wp-json\/wp\/v2\/categories?post=12586"},{"taxonomy":"post_tag","embeddable":true,"href":"https:\/\/www.bastiacalcio1924.it\/public\/wp-json\/wp\/v2\/tags?post=12586"}],"curies":[{"name":"wp","href":"https:\/\/api.w.org\/{rel}","templated":true}]}}